{"id":48659,"date":"2025-07-01T15:12:30","date_gmt":"2025-07-01T14:12:30","guid":{"rendered":"https:\/\/www.pyroguard.eu\/?p=48659"},"modified":"2025-07-04T17:31:12","modified_gmt":"2025-07-04T16:31:12","slug":"pyroguard-si-unisce-al-nuovo-marchio-saverto-svt-group-riallinea-la-propria-strategia-di-marchio-internazionale","status":"publish","type":"post","link":"https:\/\/www.pyroguard.eu\/it\/notizia\/pyroguard-si-unisce-al-nuovo-marchio-saverto-svt-group-riallinea-la-propria-strategia-di-marchio-internazionale\/","title":{"rendered":"Pyroguard si unisce al nuovo marchio Saverto: svt Group riallinea la propria strategia di marchio internazionale"},"content":{"rendered":"<section data-block_f74775328757aca17ff1d61209e95201 class=\"textbox-image align py-120 first:pt-0\" >\n  <div class=\"container\">\n    \n    <div class=\"relative grid grid-cols-1 gap-54 1024:grid-cols-2 1024:min-h-800 1024:mb-81\">\n      <div class=\"1024:pb-120\">\n        <div class=\"bg-white shadow p-54 relative z-10\">\n          <h4>svt Group, fornitore primario di soluzioni passive per la protezione antincendio, sta ristrutturando la sua architettura di marchio internazionale con l\u2019introduzione del nuovo marchio Saverto, da ora adottato per le operazioni di Pyroguard. Questa mossa strategica consolida la posizione di Pyroguard sui mercati globali nel settore dei vetri di sicurezza antincendio e definisce un panorama coerente e orientato al futuro della protezione passiva dal fuoco sui mercati internazionali.<\/h4>\n\n          <div class=\"h-160 absolute block top-full left-54 -mt-24 z-20 flex\">\n            <span class=\"bg-orange block w-3 h-1\/3 mx-0\"><\/span>\n            <span class=\"bg-orange block w-3 h-2\/3 mx-24\"><\/span>\n            <span class=\"bg-orange block w-3 h-full mx-0\"><\/span>\n          <\/div>\n\n        <\/div>\n      <\/div>\n      <div class=\"relative z-0 top-0 right-0 left-auto bottom-0 w-full bottom-0 1024:absolute 1024:w-3\/4 aspect-h-1 aspect-w-1 1024:aspect-none 1024:transform 1024:translate-y-81\">\n        <img loading=\"lazy\" decoding=\"async\" width=\"1200\" height=\"628\" src=\"https:\/\/www.pyroguard.eu\/app\/uploads\/2025\/06\/Untitled-design-64.png\" class=\"block object-cover h-full w-full\" alt=\"Pyroguard - A Saverto Company\" srcset=\"https:\/\/www.pyroguard.eu\/app\/uploads\/2025\/06\/Untitled-design-64.png 1200w, https:\/\/www.pyroguard.eu\/app\/uploads\/2025\/06\/Untitled-design-64-300x157.png 300w, https:\/\/www.pyroguard.eu\/app\/uploads\/2025\/06\/Untitled-design-64-1024x536.png 1024w, https:\/\/www.pyroguard.eu\/app\/uploads\/2025\/06\/Untitled-design-64-768x402.png 768w\" sizes=\"auto, (max-width: 1200px) 100vw, 1200px\" \/>\n      <\/div>\n    <\/div>\n  <\/div>\n<\/section>\n\n\n<section data-block_cd48aa90b0c7d7b08128b52c4d731c9d class=\"news-content align py-120 first:pt-0\">\n  <div class=\"container\">\n    <div class=\"grid grid-cols-1 1024:grid-cols-3 gap-54\">\n      <div class=\"col-span-2\">\n        <p><strong>Identit\u00e0 del marchio e posizionamento nel mercato<\/strong><\/p>\n<p>Il nome del marchio \u201cSaverto\u201d deriva dalla combinazione linguistica di \u201csalvare\u201d ed \u201cevitare\u201d e racchiude in s\u00e9 i valori fondamentali della divisione Prodotti: sicurezza, affidabilit\u00e0 e soluzioni strutturate. La nuova architettura del marchio contribuisce a migliorare la visibilit\u00e0 internazionale del marchio Saverto fornendo ai clienti un chiaro orientamento, uno specifico posizionamento nel mercato e un accesso diretto a marchi di prodotti affidabili in tutti i segmenti.<\/p>\n<p><strong>Pyroguard all\u2019interno del portafoglio dei marchi Saverto<\/strong><\/p>\n<p>In quanto produttore specializzato nella realizzazione di vetri antincendio, e grazie alla sua esperienza di oltre 40 anni, Pyroguard entra a fare parte della rete dei marchi Saverto nella quale ricopre un ruolo centrale. Nell&#8217;ambito del rebranding, la sua appartenenza alla nuova architettura del marchio si riflette sapientemente, per esempio, sulla riprogettazione del logo con l\u2019inserimento di un elemento aggiuntivo. Pyroguard continuer\u00e0 a operare sul mercato con il proprio portafoglio esistente e con i propri contatti e servizi consolidati. La precedente societ\u00e0 controllante, Technical Fire Safety Group, operer\u00e0 da ora con la denominazione Saverto UK Ltd.<\/p>\n<p><strong>Dichiarazioni della direzione<\/strong><\/p>\n<p><em>\u201cCon Saverto stiamo creando una piattaforma robusta e coesa per il nostro portafoglio di marchi di prodotto. La nuova struttura migliora la nostra visibilit\u00e0 e offre ai nostri clienti un chiaro orientamento\u201d<\/em>, ha dichiarato Jens Reiners, AD di Saverto e svt.<\/p>\n<p><em>\u201cL\u2019introduzione del marchio Saverto unificato rappresenta un significativo passo in avanti. L\u2019accorpamento di marchi affermati ci consente di creare nuove opportunit\u00e0 per i nostri clienti e di stabilire le basi per uno sviluppo continuo e sostenibile\u201d<\/em>, ha commentato Neil Tilsley, Direttore operativo \u201cGlazing\u201d.<\/p>\n<p><strong>Ulteriori informazioni:<\/strong><\/p>\n<p>Per ulteriori informazioni sulla nuova struttura del marchio accedere a \u00a0<a href=\"http:\/\/www.saverto.com\/\">www.saverto.com<\/a><\/p>\n<p><strong>\u00a0<\/strong><\/p>\n        <div class=\"mt-81\">\n                    <a href=\"https:\/\/www.pyroguard.eu\/it\/\/the-newsroom\/\" class=\"button\" title=\"Go back to the newsroom\">Torna indietro<\/a>\n        <\/div>\n      <\/div>\n      <div class=\"col-span-1\">\n        <div class=\"block bg-lightgrey p-54 shadow sticky top-54\">\n          <h2 class=\"line\">Further reading<\/h2>\n                              <h3 class=\"mt-0\">Pyroguard presenta la TechLibrary<\/h3>\n          <a href=\"https:\/\/www.pyroguard.eu\/it\/notizia\/pyroguard-presenta-la-techlibrary\/\" title=\"Pyroguard presenta la TechLibrary\" class=\"button mb-54 last:mb-0\">Per saperne di pi\u00f9<\/a>\n                    <h3 class=\"mt-0\">Pyroguard nomina un nuovo Amministratore Delegato per guidare una nuova ed entusia smante fase di crescita<\/h3>\n          <a href=\"https:\/\/www.pyroguard.eu\/it\/notizia\/pyroguard-nomina-un-nuovo-amministratore-delegato-per-guidare-una-nuova-ed-entusia-smante-fase-di-crescita\/\" title=\"Pyroguard nomina un nuovo Amministratore Delegato per guidare una nuova ed entusia smante fase di crescita\" class=\"button mb-54 last:mb-0\">Per saperne di pi\u00f9<\/a>\n                    <h3 class=\"mt-0\">Unire vecchio e nuovo: ristrutturare gli edifici storici in modo sicuro<\/h3>\n          <a href=\"https:\/\/www.pyroguard.eu\/it\/notizia\/unire-vecchio-e-nuovo-ristrutturare-gli-edifici-storici-in-modo-sicuro\/\" title=\"Unire vecchio e nuovo: ristrutturare gli edifici storici in modo sicuro\" class=\"button mb-54 last:mb-0\">Per saperne di pi\u00f9<\/a>\n                  <\/div>\n      <\/div>\n    <\/div>\n  <\/div>\n<\/section>\n\n","protected":false},"excerpt":{"rendered":"","protected":false},"author":4,"featured_media":48394,"comment_status":"open","ping_status":"open","sticky":false,"template":"","format":"standard","meta":{"_acf_changed":false,"footnotes":""},"categories":[43],"tags":[],"class_list":["post-48659","post","type-post","status-publish","format-standard","has-post-thumbnail","hentry","category-notizia"],"acf":[],"yoast_head":"<!-- This site is optimized with the Yoast SEO plugin v27.3 - https:\/\/yoast.com\/product\/yoast-seo-wordpress\/ -->\n<title>Pyroguard si unisce al nuovo marchio Saverto: svt Group riallinea la propria strategia di marchio internazionale - Pyroguard<\/title>\n<meta name=\"description\" content=\"svt Group presenta Saverto, il suo nuovo marchio ombrello, sotto il quale operer\u00e0 d&#039;ora in poi Pyroguard.\" \/>\n<meta name=\"robots\" content=\"index, follow, max-snippet:-1, max-image-preview:large, max-video-preview:-1\" \/>\n<link rel=\"canonical\" href=\"https:\/\/www.pyroguard.eu\/it\/notizia\/pyroguard-si-unisce-al-nuovo-marchio-saverto-svt-group-riallinea-la-propria-strategia-di-marchio-internazionale\/\" \/>\n<meta property=\"og:locale\" content=\"it_IT\" \/>\n<meta property=\"og:type\" content=\"article\" \/>\n<meta property=\"og:title\" content=\"Pyroguard si unisce al nuovo marchio Saverto: svt Group riallinea la propria strategia di marchio internazionale - Pyroguard\" \/>\n<meta property=\"og:description\" content=\"svt Group presenta Saverto, il suo nuovo marchio ombrello, sotto il quale operer\u00e0 d&#039;ora in poi Pyroguard.\" \/>\n<meta property=\"og:url\" content=\"https:\/\/www.pyroguard.eu\/it\/notizia\/pyroguard-si-unisce-al-nuovo-marchio-saverto-svt-group-riallinea-la-propria-strategia-di-marchio-internazionale\/\" \/>\n<meta property=\"og:site_name\" content=\"Pyroguard\" \/>\n<meta property=\"article:published_time\" content=\"2025-07-01T14:12:30+00:00\" \/>\n<meta property=\"article:modified_time\" content=\"2025-07-04T16:31:12+00:00\" \/>\n<meta property=\"og:image\" content=\"https:\/\/www.pyroguard.eu\/app\/uploads\/2025\/06\/Untitled-design-65.png\" \/>\n\t<meta property=\"og:image:width\" content=\"1200\" \/>\n\t<meta property=\"og:image:height\" content=\"628\" \/>\n\t<meta property=\"og:image:type\" content=\"image\/png\" \/>\n<meta name=\"author\" content=\"Laura Hennahane\" \/>\n<meta name=\"twitter:card\" content=\"summary_large_image\" \/>\n<meta name=\"twitter:label1\" content=\"Written by\" \/>\n\t<meta name=\"twitter:data1\" content=\"Laura Hennahane\" \/>\n\t<meta name=\"twitter:label2\" content=\"Est. reading time\" \/>\n\t<meta name=\"twitter:data2\" content=\"3 minutes\" \/>\n<script type=\"application\/ld+json\" class=\"yoast-schema-graph\">{\"@context\":\"https:\\\/\\\/schema.org\",\"@graph\":[{\"@type\":\"Article\",\"@id\":\"https:\\\/\\\/www.pyroguard.eu\\\/it\\\/notizia\\\/pyroguard-si-unisce-al-nuovo-marchio-saverto-svt-group-riallinea-la-propria-strategia-di-marchio-internazionale\\\/#article\",\"isPartOf\":{\"@id\":\"https:\\\/\\\/www.pyroguard.eu\\\/it\\\/notizia\\\/pyroguard-si-unisce-al-nuovo-marchio-saverto-svt-group-riallinea-la-propria-strategia-di-marchio-internazionale\\\/\"},\"author\":{\"name\":\"Laura Hennahane\",\"@id\":\"https:\\\/\\\/www.pyroguard.eu\\\/it\\\/#\\\/schema\\\/person\\\/68f8546758ab72fc2363a51e78adaff7\"},\"headline\":\"Pyroguard si unisce al nuovo marchio Saverto: svt Group riallinea la propria strategia di marchio internazionale\",\"datePublished\":\"2025-07-01T14:12:30+00:00\",\"dateModified\":\"2025-07-04T16:31:12+00:00\",\"mainEntityOfPage\":{\"@id\":\"https:\\\/\\\/www.pyroguard.eu\\\/it\\\/notizia\\\/pyroguard-si-unisce-al-nuovo-marchio-saverto-svt-group-riallinea-la-propria-strategia-di-marchio-internazionale\\\/\"},\"wordCount\":16,\"commentCount\":0,\"publisher\":{\"@id\":\"https:\\\/\\\/www.pyroguard.eu\\\/it\\\/#organization\"},\"image\":{\"@id\":\"https:\\\/\\\/www.pyroguard.eu\\\/it\\\/notizia\\\/pyroguard-si-unisce-al-nuovo-marchio-saverto-svt-group-riallinea-la-propria-strategia-di-marchio-internazionale\\\/#primaryimage\"},\"thumbnailUrl\":\"https:\\\/\\\/www.pyroguard.eu\\\/app\\\/uploads\\\/2025\\\/06\\\/Untitled-design-65.png\",\"articleSection\":[\"Notizia\"],\"inLanguage\":\"it-IT\",\"potentialAction\":[{\"@type\":\"CommentAction\",\"name\":\"Comment\",\"target\":[\"https:\\\/\\\/www.pyroguard.eu\\\/it\\\/notizia\\\/pyroguard-si-unisce-al-nuovo-marchio-saverto-svt-group-riallinea-la-propria-strategia-di-marchio-internazionale\\\/#respond\"]}]},{\"@type\":\"WebPage\",\"@id\":\"https:\\\/\\\/www.pyroguard.eu\\\/it\\\/notizia\\\/pyroguard-si-unisce-al-nuovo-marchio-saverto-svt-group-riallinea-la-propria-strategia-di-marchio-internazionale\\\/\",\"url\":\"https:\\\/\\\/www.pyroguard.eu\\\/it\\\/notizia\\\/pyroguard-si-unisce-al-nuovo-marchio-saverto-svt-group-riallinea-la-propria-strategia-di-marchio-internazionale\\\/\",\"name\":\"Pyroguard si unisce al nuovo marchio Saverto: svt Group riallinea la propria strategia di marchio internazionale - Pyroguard\",\"isPartOf\":{\"@id\":\"https:\\\/\\\/www.pyroguard.eu\\\/it\\\/#website\"},\"primaryImageOfPage\":{\"@id\":\"https:\\\/\\\/www.pyroguard.eu\\\/it\\\/notizia\\\/pyroguard-si-unisce-al-nuovo-marchio-saverto-svt-group-riallinea-la-propria-strategia-di-marchio-internazionale\\\/#primaryimage\"},\"image\":{\"@id\":\"https:\\\/\\\/www.pyroguard.eu\\\/it\\\/notizia\\\/pyroguard-si-unisce-al-nuovo-marchio-saverto-svt-group-riallinea-la-propria-strategia-di-marchio-internazionale\\\/#primaryimage\"},\"thumbnailUrl\":\"https:\\\/\\\/www.pyroguard.eu\\\/app\\\/uploads\\\/2025\\\/06\\\/Untitled-design-65.png\",\"datePublished\":\"2025-07-01T14:12:30+00:00\",\"dateModified\":\"2025-07-04T16:31:12+00:00\",\"description\":\"svt Group presenta Saverto, il suo nuovo marchio ombrello, sotto il quale operer\u00e0 d'ora in poi Pyroguard.\",\"breadcrumb\":{\"@id\":\"https:\\\/\\\/www.pyroguard.eu\\\/it\\\/notizia\\\/pyroguard-si-unisce-al-nuovo-marchio-saverto-svt-group-riallinea-la-propria-strategia-di-marchio-internazionale\\\/#breadcrumb\"},\"inLanguage\":\"it-IT\",\"potentialAction\":[{\"@type\":\"ReadAction\",\"target\":[\"https:\\\/\\\/www.pyroguard.eu\\\/it\\\/notizia\\\/pyroguard-si-unisce-al-nuovo-marchio-saverto-svt-group-riallinea-la-propria-strategia-di-marchio-internazionale\\\/\"]}]},{\"@type\":\"ImageObject\",\"inLanguage\":\"it-IT\",\"@id\":\"https:\\\/\\\/www.pyroguard.eu\\\/it\\\/notizia\\\/pyroguard-si-unisce-al-nuovo-marchio-saverto-svt-group-riallinea-la-propria-strategia-di-marchio-internazionale\\\/#primaryimage\",\"url\":\"https:\\\/\\\/www.pyroguard.eu\\\/app\\\/uploads\\\/2025\\\/06\\\/Untitled-design-65.png\",\"contentUrl\":\"https:\\\/\\\/www.pyroguard.eu\\\/app\\\/uploads\\\/2025\\\/06\\\/Untitled-design-65.png\",\"width\":1200,\"height\":628,\"caption\":\"Pyroguard - A Saverto Company\"},{\"@type\":\"BreadcrumbList\",\"@id\":\"https:\\\/\\\/www.pyroguard.eu\\\/it\\\/notizia\\\/pyroguard-si-unisce-al-nuovo-marchio-saverto-svt-group-riallinea-la-propria-strategia-di-marchio-internazionale\\\/#breadcrumb\",\"itemListElement\":[{\"@type\":\"ListItem\",\"position\":1,\"name\":\"Home\",\"item\":\"https:\\\/\\\/www.pyroguard.eu\\\/it\\\/\"},{\"@type\":\"ListItem\",\"position\":2,\"name\":\"Pyroguard si unisce al nuovo marchio Saverto: svt Group riallinea la propria strategia di marchio internazionale\"}]},{\"@type\":\"WebSite\",\"@id\":\"https:\\\/\\\/www.pyroguard.eu\\\/it\\\/#website\",\"url\":\"https:\\\/\\\/www.pyroguard.eu\\\/it\\\/\",\"name\":\"Pyroguard\",\"description\":\"You&#039;re in safe hands\",\"publisher\":{\"@id\":\"https:\\\/\\\/www.pyroguard.eu\\\/it\\\/#organization\"},\"potentialAction\":[{\"@type\":\"SearchAction\",\"target\":{\"@type\":\"EntryPoint\",\"urlTemplate\":\"https:\\\/\\\/www.pyroguard.eu\\\/it\\\/?s={search_term_string}\"},\"query-input\":{\"@type\":\"PropertyValueSpecification\",\"valueRequired\":true,\"valueName\":\"search_term_string\"}}],\"inLanguage\":\"it-IT\"},{\"@type\":\"Organization\",\"@id\":\"https:\\\/\\\/www.pyroguard.eu\\\/it\\\/#organization\",\"name\":\"Pyroguard\",\"url\":\"https:\\\/\\\/www.pyroguard.eu\\\/it\\\/\",\"logo\":{\"@type\":\"ImageObject\",\"inLanguage\":\"it-IT\",\"@id\":\"https:\\\/\\\/www.pyroguard.eu\\\/it\\\/#\\\/schema\\\/logo\\\/image\\\/\",\"url\":\"https:\\\/\\\/www.pyroguard.eu\\\/app\\\/uploads\\\/2026\\\/02\\\/Screenshot-2026-02-04-113420.png\",\"contentUrl\":\"https:\\\/\\\/www.pyroguard.eu\\\/app\\\/uploads\\\/2026\\\/02\\\/Screenshot-2026-02-04-113420.png\",\"width\":1876,\"height\":482,\"caption\":\"Pyroguard\"},\"image\":{\"@id\":\"https:\\\/\\\/www.pyroguard.eu\\\/it\\\/#\\\/schema\\\/logo\\\/image\\\/\"}},{\"@type\":\"Person\",\"@id\":\"https:\\\/\\\/www.pyroguard.eu\\\/it\\\/#\\\/schema\\\/person\\\/68f8546758ab72fc2363a51e78adaff7\",\"name\":\"Laura Hennahane\",\"image\":{\"@type\":\"ImageObject\",\"inLanguage\":\"it-IT\",\"@id\":\"https:\\\/\\\/secure.gravatar.com\\\/avatar\\\/fd3028ab63321845622b10e80716899ec04b37fe03cfc1bc46a742ea1f42f41e?s=96&d=mm&r=g\",\"url\":\"https:\\\/\\\/secure.gravatar.com\\\/avatar\\\/fd3028ab63321845622b10e80716899ec04b37fe03cfc1bc46a742ea1f42f41e?s=96&d=mm&r=g\",\"contentUrl\":\"https:\\\/\\\/secure.gravatar.com\\\/avatar\\\/fd3028ab63321845622b10e80716899ec04b37fe03cfc1bc46a742ea1f42f41e?s=96&d=mm&r=g\",\"caption\":\"Laura Hennahane\"},\"url\":\"https:\\\/\\\/www.pyroguard.eu\\\/it\\\/author\\\/laura-hennahane\\\/\"}]}<\/script>\n<!-- \/ Yoast SEO plugin. -->","yoast_head_json":{"title":"Pyroguard si unisce al nuovo marchio Saverto: svt Group riallinea la propria strategia di marchio internazionale - Pyroguard","description":"svt Group presenta Saverto, il suo nuovo marchio ombrello, sotto il quale operer\u00e0 d'ora in poi Pyroguard.","robots":{"index":"index","follow":"follow","max-snippet":"max-snippet:-1","max-image-preview":"max-image-preview:large","max-video-preview":"max-video-preview:-1"},"canonical":"https:\/\/www.pyroguard.eu\/it\/notizia\/pyroguard-si-unisce-al-nuovo-marchio-saverto-svt-group-riallinea-la-propria-strategia-di-marchio-internazionale\/","og_locale":"it_IT","og_type":"article","og_title":"Pyroguard si unisce al nuovo marchio Saverto: svt Group riallinea la propria strategia di marchio internazionale - Pyroguard","og_description":"svt Group presenta Saverto, il suo nuovo marchio ombrello, sotto il quale operer\u00e0 d'ora in poi Pyroguard.","og_url":"https:\/\/www.pyroguard.eu\/it\/notizia\/pyroguard-si-unisce-al-nuovo-marchio-saverto-svt-group-riallinea-la-propria-strategia-di-marchio-internazionale\/","og_site_name":"Pyroguard","article_published_time":"2025-07-01T14:12:30+00:00","article_modified_time":"2025-07-04T16:31:12+00:00","og_image":[{"width":1200,"height":628,"url":"https:\/\/www.pyroguard.eu\/app\/uploads\/2025\/06\/Untitled-design-65.png","type":"image\/png"}],"author":"Laura Hennahane","twitter_card":"summary_large_image","twitter_misc":{"Written by":"Laura Hennahane","Est. reading time":"3 minutes"},"schema":{"@context":"https:\/\/schema.org","@graph":[{"@type":"Article","@id":"https:\/\/www.pyroguard.eu\/it\/notizia\/pyroguard-si-unisce-al-nuovo-marchio-saverto-svt-group-riallinea-la-propria-strategia-di-marchio-internazionale\/#article","isPartOf":{"@id":"https:\/\/www.pyroguard.eu\/it\/notizia\/pyroguard-si-unisce-al-nuovo-marchio-saverto-svt-group-riallinea-la-propria-strategia-di-marchio-internazionale\/"},"author":{"name":"Laura Hennahane","@id":"https:\/\/www.pyroguard.eu\/it\/#\/schema\/person\/68f8546758ab72fc2363a51e78adaff7"},"headline":"Pyroguard si unisce al nuovo marchio Saverto: svt Group riallinea la propria strategia di marchio internazionale","datePublished":"2025-07-01T14:12:30+00:00","dateModified":"2025-07-04T16:31:12+00:00","mainEntityOfPage":{"@id":"https:\/\/www.pyroguard.eu\/it\/notizia\/pyroguard-si-unisce-al-nuovo-marchio-saverto-svt-group-riallinea-la-propria-strategia-di-marchio-internazionale\/"},"wordCount":16,"commentCount":0,"publisher":{"@id":"https:\/\/www.pyroguard.eu\/it\/#organization"},"image":{"@id":"https:\/\/www.pyroguard.eu\/it\/notizia\/pyroguard-si-unisce-al-nuovo-marchio-saverto-svt-group-riallinea-la-propria-strategia-di-marchio-internazionale\/#primaryimage"},"thumbnailUrl":"https:\/\/www.pyroguard.eu\/app\/uploads\/2025\/06\/Untitled-design-65.png","articleSection":["Notizia"],"inLanguage":"it-IT","potentialAction":[{"@type":"CommentAction","name":"Comment","target":["https:\/\/www.pyroguard.eu\/it\/notizia\/pyroguard-si-unisce-al-nuovo-marchio-saverto-svt-group-riallinea-la-propria-strategia-di-marchio-internazionale\/#respond"]}]},{"@type":"WebPage","@id":"https:\/\/www.pyroguard.eu\/it\/notizia\/pyroguard-si-unisce-al-nuovo-marchio-saverto-svt-group-riallinea-la-propria-strategia-di-marchio-internazionale\/","url":"https:\/\/www.pyroguard.eu\/it\/notizia\/pyroguard-si-unisce-al-nuovo-marchio-saverto-svt-group-riallinea-la-propria-strategia-di-marchio-internazionale\/","name":"Pyroguard si unisce al nuovo marchio Saverto: svt Group riallinea la propria strategia di marchio internazionale - Pyroguard","isPartOf":{"@id":"https:\/\/www.pyroguard.eu\/it\/#website"},"primaryImageOfPage":{"@id":"https:\/\/www.pyroguard.eu\/it\/notizia\/pyroguard-si-unisce-al-nuovo-marchio-saverto-svt-group-riallinea-la-propria-strategia-di-marchio-internazionale\/#primaryimage"},"image":{"@id":"https:\/\/www.pyroguard.eu\/it\/notizia\/pyroguard-si-unisce-al-nuovo-marchio-saverto-svt-group-riallinea-la-propria-strategia-di-marchio-internazionale\/#primaryimage"},"thumbnailUrl":"https:\/\/www.pyroguard.eu\/app\/uploads\/2025\/06\/Untitled-design-65.png","datePublished":"2025-07-01T14:12:30+00:00","dateModified":"2025-07-04T16:31:12+00:00","description":"svt Group presenta Saverto, il suo nuovo marchio ombrello, sotto il quale operer\u00e0 d'ora in poi Pyroguard.","breadcrumb":{"@id":"https:\/\/www.pyroguard.eu\/it\/notizia\/pyroguard-si-unisce-al-nuovo-marchio-saverto-svt-group-riallinea-la-propria-strategia-di-marchio-internazionale\/#breadcrumb"},"inLanguage":"it-IT","potentialAction":[{"@type":"ReadAction","target":["https:\/\/www.pyroguard.eu\/it\/notizia\/pyroguard-si-unisce-al-nuovo-marchio-saverto-svt-group-riallinea-la-propria-strategia-di-marchio-internazionale\/"]}]},{"@type":"ImageObject","inLanguage":"it-IT","@id":"https:\/\/www.pyroguard.eu\/it\/notizia\/pyroguard-si-unisce-al-nuovo-marchio-saverto-svt-group-riallinea-la-propria-strategia-di-marchio-internazionale\/#primaryimage","url":"https:\/\/www.pyroguard.eu\/app\/uploads\/2025\/06\/Untitled-design-65.png","contentUrl":"https:\/\/www.pyroguard.eu\/app\/uploads\/2025\/06\/Untitled-design-65.png","width":1200,"height":628,"caption":"Pyroguard - A Saverto Company"},{"@type":"BreadcrumbList","@id":"https:\/\/www.pyroguard.eu\/it\/notizia\/pyroguard-si-unisce-al-nuovo-marchio-saverto-svt-group-riallinea-la-propria-strategia-di-marchio-internazionale\/#breadcrumb","itemListElement":[{"@type":"ListItem","position":1,"name":"Home","item":"https:\/\/www.pyroguard.eu\/it\/"},{"@type":"ListItem","position":2,"name":"Pyroguard si unisce al nuovo marchio Saverto: svt Group riallinea la propria strategia di marchio internazionale"}]},{"@type":"WebSite","@id":"https:\/\/www.pyroguard.eu\/it\/#website","url":"https:\/\/www.pyroguard.eu\/it\/","name":"Pyroguard","description":"You&#039;re in safe hands","publisher":{"@id":"https:\/\/www.pyroguard.eu\/it\/#organization"},"potentialAction":[{"@type":"SearchAction","target":{"@type":"EntryPoint","urlTemplate":"https:\/\/www.pyroguard.eu\/it\/?s={search_term_string}"},"query-input":{"@type":"PropertyValueSpecification","valueRequired":true,"valueName":"search_term_string"}}],"inLanguage":"it-IT"},{"@type":"Organization","@id":"https:\/\/www.pyroguard.eu\/it\/#organization","name":"Pyroguard","url":"https:\/\/www.pyroguard.eu\/it\/","logo":{"@type":"ImageObject","inLanguage":"it-IT","@id":"https:\/\/www.pyroguard.eu\/it\/#\/schema\/logo\/image\/","url":"https:\/\/www.pyroguard.eu\/app\/uploads\/2026\/02\/Screenshot-2026-02-04-113420.png","contentUrl":"https:\/\/www.pyroguard.eu\/app\/uploads\/2026\/02\/Screenshot-2026-02-04-113420.png","width":1876,"height":482,"caption":"Pyroguard"},"image":{"@id":"https:\/\/www.pyroguard.eu\/it\/#\/schema\/logo\/image\/"}},{"@type":"Person","@id":"https:\/\/www.pyroguard.eu\/it\/#\/schema\/person\/68f8546758ab72fc2363a51e78adaff7","name":"Laura Hennahane","image":{"@type":"ImageObject","inLanguage":"it-IT","@id":"https:\/\/secure.gravatar.com\/avatar\/fd3028ab63321845622b10e80716899ec04b37fe03cfc1bc46a742ea1f42f41e?s=96&d=mm&r=g","url":"https:\/\/secure.gravatar.com\/avatar\/fd3028ab63321845622b10e80716899ec04b37fe03cfc1bc46a742ea1f42f41e?s=96&d=mm&r=g","contentUrl":"https:\/\/secure.gravatar.com\/avatar\/fd3028ab63321845622b10e80716899ec04b37fe03cfc1bc46a742ea1f42f41e?s=96&d=mm&r=g","caption":"Laura Hennahane"},"url":"https:\/\/www.pyroguard.eu\/it\/author\/laura-hennahane\/"}]}},"_links":{"self":[{"href":"https:\/\/www.pyroguard.eu\/it\/wp-json\/wp\/v2\/posts\/48659","targetHints":{"allow":["GET"]}}],"collection":[{"href":"https:\/\/www.pyroguard.eu\/it\/wp-json\/wp\/v2\/posts"}],"about":[{"href":"https:\/\/www.pyroguard.eu\/it\/wp-json\/wp\/v2\/types\/post"}],"author":[{"embeddable":true,"href":"https:\/\/www.pyroguard.eu\/it\/wp-json\/wp\/v2\/users\/4"}],"replies":[{"embeddable":true,"href":"https:\/\/www.pyroguard.eu\/it\/wp-json\/wp\/v2\/comments?post=48659"}],"version-history":[{"count":1,"href":"https:\/\/www.pyroguard.eu\/it\/wp-json\/wp\/v2\/posts\/48659\/revisions"}],"predecessor-version":[{"id":48660,"href":"https:\/\/www.pyroguard.eu\/it\/wp-json\/wp\/v2\/posts\/48659\/revisions\/48660"}],"wp:featuredmedia":[{"embeddable":true,"href":"https:\/\/www.pyroguard.eu\/it\/wp-json\/wp\/v2\/media\/48394"}],"wp:attachment":[{"href":"https:\/\/www.pyroguard.eu\/it\/wp-json\/wp\/v2\/media?parent=48659"}],"wp:term":[{"taxonomy":"category","embeddable":true,"href":"https:\/\/www.pyroguard.eu\/it\/wp-json\/wp\/v2\/categories?post=48659"},{"taxonomy":"post_tag","embeddable":true,"href":"https:\/\/www.pyroguard.eu\/it\/wp-json\/wp\/v2\/tags?post=48659"}],"curies":[{"name":"wp","href":"https:\/\/api.w.org\/{rel}","templated":true}]}}