{"id":48654,"date":"2025-07-01T15:07:03","date_gmt":"2025-07-01T14:07:03","guid":{"rendered":"https:\/\/www.pyroguard.eu\/?p=48654"},"modified":"2025-07-04T17:18:20","modified_gmt":"2025-07-04T16:18:20","slug":"pyroguard-rejoint-la-nouvelle-marque-ombrelle-saverto-le-groupe-svt-reoriente-sa-strategie-de-marque-internationale","status":"publish","type":"post","link":"https:\/\/www.pyroguard.eu\/fr\/des-nouvelles\/pyroguard-rejoint-la-nouvelle-marque-ombrelle-saverto-le-groupe-svt-reoriente-sa-strategie-de-marque-internationale\/","title":{"rendered":"Pyroguard rejoint la nouvelle marque ombrelle Saverto\u00a0: le groupe svt r\u00e9oriente sa strat\u00e9gie de marque internationale"},"content":{"rendered":"<section data-block_ae37f09c10f685d5ea293d7ba93496dc class=\"textbox-image align py-120 first:pt-0\" >\n  <div class=\"container\">\n    \n    <div class=\"relative grid grid-cols-1 gap-54 1024:grid-cols-2 1024:min-h-800 1024:mb-81\">\n      <div class=\"1024:pb-120\">\n        <div class=\"bg-white shadow p-54 relative z-10\">\n          <h4>Le groupe svt, un des principaux fournisseurs de solutions de protection passive contre l&#8217;incendie, restructure son architecture de marque internationale en pr\u00e9sentant Saverto comme nouvelle marque ombrelle, sous laquelle Pyroguard op\u00e9rera d\u00e9sormais. Ce tournant strat\u00e9gique, qui renforce la position mondiale de Pyroguard dans le secteur du verre de s\u00e9curit\u00e9 incendie \u00e9tablit, sur les march\u00e9s internationaux, un paysage de marque coh\u00e9rent, orient\u00e9 vers l&#8217;avenir, pour la protection passive contre l&#8217;incendie.<\/h4>\n\n          <div class=\"h-160 absolute block top-full left-54 -mt-24 z-20 flex\">\n            <span class=\"bg-orange block w-3 h-1\/3 mx-0\"><\/span>\n            <span class=\"bg-orange block w-3 h-2\/3 mx-24\"><\/span>\n            <span class=\"bg-orange block w-3 h-full mx-0\"><\/span>\n          <\/div>\n\n        <\/div>\n      <\/div>\n      <div class=\"relative z-0 top-0 right-0 left-auto bottom-0 w-full bottom-0 1024:absolute 1024:w-3\/4 aspect-h-1 aspect-w-1 1024:aspect-none 1024:transform 1024:translate-y-81\">\n        <img loading=\"lazy\" decoding=\"async\" width=\"1200\" height=\"628\" src=\"https:\/\/www.pyroguard.eu\/app\/uploads\/2025\/06\/Untitled-design-64.png\" class=\"block object-cover h-full w-full\" alt=\"Pyroguard - A Saverto Company\" srcset=\"https:\/\/www.pyroguard.eu\/app\/uploads\/2025\/06\/Untitled-design-64.png 1200w, https:\/\/www.pyroguard.eu\/app\/uploads\/2025\/06\/Untitled-design-64-300x157.png 300w, https:\/\/www.pyroguard.eu\/app\/uploads\/2025\/06\/Untitled-design-64-1024x536.png 1024w, https:\/\/www.pyroguard.eu\/app\/uploads\/2025\/06\/Untitled-design-64-768x402.png 768w\" sizes=\"auto, (max-width: 1200px) 100vw, 1200px\" \/>\n      <\/div>\n    <\/div>\n  <\/div>\n<\/section>\n\n\n<section data-block_7f371c5cf63f951265d89c783ddfc9af class=\"news-content align py-120 first:pt-0\">\n  <div class=\"container\">\n    <div class=\"grid grid-cols-1 1024:grid-cols-3 gap-54\">\n      <div class=\"col-span-2\">\n        <p><strong>Identit\u00e9 de la marque et positionnement sur le march\u00e9<\/strong><\/p>\n<p>Le nom Saverto, d\u00e9riv\u00e9 de \u00ab\u00a0to save\u00a0\u00bb (sauver) et de \u00ab\u00a0to avert\u00a0\u00bb (\u00e9viter), r\u00e9sume les valeurs fondamentales de la division produits\u00a0: s\u00e9curit\u00e9, fiabilit\u00e9 et solutions structur\u00e9es. La nouvelle architecture de la marque renforce la visibilit\u00e9 internationale de Saverto, offrant aux clients une orientation claire, une position distincte sur le march\u00e9 et un acc\u00e8s direct \u00e0 des marques de produits de confiance dans tous les segments.<\/p>\n<p><strong>Pyroguard dans le portefeuille de marques de Saverto<\/strong><br \/>\nEn tant que sp\u00e9cialiste du verre de s\u00e9curit\u00e9 incendie, Pyroguard apporte plus de 40\u00a0ans d&#8217;expertise au r\u00e9seau de marques Saverto et joue un r\u00f4le central en tant que marque strat\u00e9gique. Dans le cadre cette r\u00e9organisation, son appartenance \u00e0 la nouvelle architecture de marque sera subtilement refl\u00e9t\u00e9e, par exemple par un \u00e9l\u00e9ment de cr\u00e9ativit\u00e9 suppl\u00e9mentaire dans le logo. Pyroguard continuera \u00e0 op\u00e9rer sur le march\u00e9 avec son portefeuille existant, ses contacts habituels et ses services \u00e9tablis. L&#8217;ancienne soci\u00e9t\u00e9 holding, Technical Fire Safety Group, op\u00e9rera d\u00e9sormais sous le nom de Saverto UK Ltd.<\/p>\n<p><strong>Communiqu\u00e9s de la direction<\/strong><br \/>\n<em>\u00ab\u00a0Avec Saverto, nous mettons en place une plateforme solide et coh\u00e9rente pour notre portefeuille de marques de produits. La nouvelle structure, qui am\u00e9liore notre visibilit\u00e9, fournit \u00e0 nos clients une orientation claire,\u00a0\u00bb<\/em> d\u00e9clare Jens Reiners, PDG de Saverto et de svt.<\/p>\n<p><em>\u00ab\u00a0L&#8217;introduction de la marque ombrelle unifi\u00e9e Saverto marque une \u00e9tape importante. En r\u00e9unissant des marques bien \u00e9tablies, nous cr\u00e9ons de nouvelles possibilit\u00e9s pour nos clients et jetons les bases d&#8217;une croissance continue et \u00e9coresponsable,\u00a0\u00bb<\/em> commente Neil Tilsley, chef d\u2019exploitation de la division vitrages.<\/p>\n<p><strong>Informations compl\u00e9mentaires\u00a0:<br \/>\n<\/strong>Pour en savoir plus sur la nouvelle structure de la marque, consultez le site\u00a0: <a href=\"http:\/\/www.saverto.com\">www.saverto.com<\/a><\/p>\n        <div class=\"mt-81\">\n                    <a href=\"https:\/\/www.pyroguard.eu\/fr\/\/the-newsroom\/\" class=\"button\" title=\"Retournez \u00e0 la r\u00e9daction\">Retourner<\/a>\n        <\/div>\n      <\/div>\n      <div class=\"col-span-1\">\n        <div class=\"block bg-lightgrey p-54 shadow sticky top-54\">\n          <h2 class=\"line\">Further reading<\/h2>\n                              <h3 class=\"mt-0\">Comment le verre de s\u00e9curit\u00e9 incendie moderne contribue \u00e0 \u00e9quilibrer fonctionnalit\u00e9 et \u00e9l\u00e9gance dans les b\u00e2timents d&#8217;h\u00e9bergement actuels<\/h3>\n          <a href=\"https:\/\/www.pyroguard.eu\/fr\/des-nouvelles\/comment-le-verre-de-securite-incendie-moderne-contribue-a-equilibrer-fonctionnalite-et-elegance-dans-les-batiments-dhebergement-actuels\/\" title=\"Comment le verre de s\u00e9curit\u00e9 incendie moderne contribue \u00e0 \u00e9quilibrer fonctionnalit\u00e9 et \u00e9l\u00e9gance dans les b\u00e2timents d&#8217;h\u00e9bergement actuels\" class=\"button mb-54 last:mb-0\">Lire la suite<\/a>\n                    <h3 class=\"mt-0\">Les nouveaux types de vitrage apportent des avantages aux environnements de soins modernes, aussi bien en mati\u00e8re de bien-\u00eatre que d\u2019architecture<\/h3>\n          <a href=\"https:\/\/www.pyroguard.eu\/fr\/des-nouvelles\/les-nouveaux-types-de-vitrage-apportent-des-avantages-aux-environnements-de-soins-modernes-aussi-bien-en-matiere-de-bien-etre-que-darchitecture\/\" title=\"Les nouveaux types de vitrage apportent des avantages aux environnements de soins modernes, aussi bien en mati\u00e8re de bien-\u00eatre que d\u2019architecture\" class=\"button mb-54 last:mb-0\">Lire la suite<\/a>\n                    <h3 class=\"mt-0\">Une approche syst\u00e9mique de la s\u00e9curit\u00e9 incendie<\/h3>\n          <a href=\"https:\/\/www.pyroguard.eu\/fr\/des-nouvelles\/une-approche-systemique-de-la-securite-incendie\/\" title=\"Une approche syst\u00e9mique de la s\u00e9curit\u00e9 incendie\" class=\"button mb-54 last:mb-0\">Lire la suite<\/a>\n                  <\/div>\n      <\/div>\n    <\/div>\n  <\/div>\n<\/section>\n\n","protected":false},"excerpt":{"rendered":"","protected":false},"author":4,"featured_media":48392,"comment_status":"open","ping_status":"open","sticky":false,"template":"","format":"standard","meta":{"_acf_changed":false,"footnotes":""},"categories":[41],"tags":[],"class_list":["post-48654","post","type-post","status-publish","format-standard","has-post-thumbnail","hentry","category-des-nouvelles"],"acf":[],"yoast_head":"<!-- This site is optimized with the Yoast SEO plugin v27.3 - https:\/\/yoast.com\/product\/yoast-seo-wordpress\/ -->\n<title>Pyroguard rejoint la nouvelle marque ombrelle Saverto\u00a0: le groupe svt r\u00e9oriente sa strat\u00e9gie de marque internationale - Pyroguard<\/title>\n<meta name=\"description\" content=\"Le groupe svt pr\u00e9sente Saverto, sa nouvelle marque ombrelle, Saverto comme nouvelle marque ombrelle, sous laquelle Pyroguard op\u00e9rera d\u00e9sormais.\" \/>\n<meta name=\"robots\" content=\"index, follow, max-snippet:-1, max-image-preview:large, max-video-preview:-1\" \/>\n<link rel=\"canonical\" href=\"https:\/\/www.pyroguard.eu\/fr\/des-nouvelles\/pyroguard-rejoint-la-nouvelle-marque-ombrelle-saverto-le-groupe-svt-reoriente-sa-strategie-de-marque-internationale\/\" \/>\n<meta property=\"og:locale\" content=\"fr_FR\" \/>\n<meta property=\"og:type\" content=\"article\" \/>\n<meta property=\"og:title\" content=\"Pyroguard rejoint la nouvelle marque ombrelle Saverto\u00a0: le groupe svt r\u00e9oriente sa strat\u00e9gie de marque internationale - Pyroguard\" \/>\n<meta property=\"og:description\" content=\"Le groupe svt pr\u00e9sente Saverto, sa nouvelle marque ombrelle, Saverto comme nouvelle marque ombrelle, sous laquelle Pyroguard op\u00e9rera d\u00e9sormais.\" \/>\n<meta property=\"og:url\" content=\"https:\/\/www.pyroguard.eu\/fr\/des-nouvelles\/pyroguard-rejoint-la-nouvelle-marque-ombrelle-saverto-le-groupe-svt-reoriente-sa-strategie-de-marque-internationale\/\" \/>\n<meta property=\"og:site_name\" content=\"Pyroguard\" \/>\n<meta property=\"article:published_time\" content=\"2025-07-01T14:07:03+00:00\" \/>\n<meta property=\"article:modified_time\" content=\"2025-07-04T16:18:20+00:00\" \/>\n<meta property=\"og:image\" content=\"https:\/\/www.pyroguard.eu\/app\/uploads\/2025\/06\/Untitled-design-65.png\" \/>\n\t<meta property=\"og:image:width\" content=\"1200\" \/>\n\t<meta property=\"og:image:height\" content=\"628\" \/>\n\t<meta property=\"og:image:type\" content=\"image\/png\" \/>\n<meta name=\"author\" content=\"Laura Hennahane\" \/>\n<meta name=\"twitter:card\" content=\"summary_large_image\" \/>\n<meta name=\"twitter:label1\" content=\"Written by\" \/>\n\t<meta name=\"twitter:data1\" content=\"Laura Hennahane\" \/>\n\t<meta name=\"twitter:label2\" content=\"Est. reading time\" \/>\n\t<meta name=\"twitter:data2\" content=\"3 minutes\" \/>\n<script type=\"application\/ld+json\" class=\"yoast-schema-graph\">{\"@context\":\"https:\\\/\\\/schema.org\",\"@graph\":[{\"@type\":\"Article\",\"@id\":\"https:\\\/\\\/www.pyroguard.eu\\\/fr\\\/des-nouvelles\\\/pyroguard-rejoint-la-nouvelle-marque-ombrelle-saverto-le-groupe-svt-reoriente-sa-strategie-de-marque-internationale\\\/#article\",\"isPartOf\":{\"@id\":\"https:\\\/\\\/www.pyroguard.eu\\\/fr\\\/des-nouvelles\\\/pyroguard-rejoint-la-nouvelle-marque-ombrelle-saverto-le-groupe-svt-reoriente-sa-strategie-de-marque-internationale\\\/\"},\"author\":{\"name\":\"Laura Hennahane\",\"@id\":\"https:\\\/\\\/www.pyroguard.eu\\\/fr\\\/#\\\/schema\\\/person\\\/68f8546758ab72fc2363a51e78adaff7\"},\"headline\":\"Pyroguard rejoint la nouvelle marque ombrelle Saverto\u00a0: le groupe svt r\u00e9oriente sa strat\u00e9gie de marque internationale\",\"datePublished\":\"2025-07-01T14:07:03+00:00\",\"dateModified\":\"2025-07-04T16:18:20+00:00\",\"mainEntityOfPage\":{\"@id\":\"https:\\\/\\\/www.pyroguard.eu\\\/fr\\\/des-nouvelles\\\/pyroguard-rejoint-la-nouvelle-marque-ombrelle-saverto-le-groupe-svt-reoriente-sa-strategie-de-marque-internationale\\\/\"},\"wordCount\":18,\"commentCount\":0,\"publisher\":{\"@id\":\"https:\\\/\\\/www.pyroguard.eu\\\/fr\\\/#organization\"},\"image\":{\"@id\":\"https:\\\/\\\/www.pyroguard.eu\\\/fr\\\/des-nouvelles\\\/pyroguard-rejoint-la-nouvelle-marque-ombrelle-saverto-le-groupe-svt-reoriente-sa-strategie-de-marque-internationale\\\/#primaryimage\"},\"thumbnailUrl\":\"https:\\\/\\\/www.pyroguard.eu\\\/app\\\/uploads\\\/2025\\\/06\\\/Untitled-design-65.png\",\"articleSection\":[\"Des Nouvelles\"],\"inLanguage\":\"fr-FR\",\"potentialAction\":[{\"@type\":\"CommentAction\",\"name\":\"Comment\",\"target\":[\"https:\\\/\\\/www.pyroguard.eu\\\/fr\\\/des-nouvelles\\\/pyroguard-rejoint-la-nouvelle-marque-ombrelle-saverto-le-groupe-svt-reoriente-sa-strategie-de-marque-internationale\\\/#respond\"]}]},{\"@type\":\"WebPage\",\"@id\":\"https:\\\/\\\/www.pyroguard.eu\\\/fr\\\/des-nouvelles\\\/pyroguard-rejoint-la-nouvelle-marque-ombrelle-saverto-le-groupe-svt-reoriente-sa-strategie-de-marque-internationale\\\/\",\"url\":\"https:\\\/\\\/www.pyroguard.eu\\\/fr\\\/des-nouvelles\\\/pyroguard-rejoint-la-nouvelle-marque-ombrelle-saverto-le-groupe-svt-reoriente-sa-strategie-de-marque-internationale\\\/\",\"name\":\"Pyroguard rejoint la nouvelle marque ombrelle Saverto\u00a0: le groupe svt r\u00e9oriente sa strat\u00e9gie de marque internationale - Pyroguard\",\"isPartOf\":{\"@id\":\"https:\\\/\\\/www.pyroguard.eu\\\/fr\\\/#website\"},\"primaryImageOfPage\":{\"@id\":\"https:\\\/\\\/www.pyroguard.eu\\\/fr\\\/des-nouvelles\\\/pyroguard-rejoint-la-nouvelle-marque-ombrelle-saverto-le-groupe-svt-reoriente-sa-strategie-de-marque-internationale\\\/#primaryimage\"},\"image\":{\"@id\":\"https:\\\/\\\/www.pyroguard.eu\\\/fr\\\/des-nouvelles\\\/pyroguard-rejoint-la-nouvelle-marque-ombrelle-saverto-le-groupe-svt-reoriente-sa-strategie-de-marque-internationale\\\/#primaryimage\"},\"thumbnailUrl\":\"https:\\\/\\\/www.pyroguard.eu\\\/app\\\/uploads\\\/2025\\\/06\\\/Untitled-design-65.png\",\"datePublished\":\"2025-07-01T14:07:03+00:00\",\"dateModified\":\"2025-07-04T16:18:20+00:00\",\"description\":\"Le groupe svt pr\u00e9sente Saverto, sa nouvelle marque ombrelle, Saverto comme nouvelle marque ombrelle, sous laquelle Pyroguard op\u00e9rera d\u00e9sormais.\",\"breadcrumb\":{\"@id\":\"https:\\\/\\\/www.pyroguard.eu\\\/fr\\\/des-nouvelles\\\/pyroguard-rejoint-la-nouvelle-marque-ombrelle-saverto-le-groupe-svt-reoriente-sa-strategie-de-marque-internationale\\\/#breadcrumb\"},\"inLanguage\":\"fr-FR\",\"potentialAction\":[{\"@type\":\"ReadAction\",\"target\":[\"https:\\\/\\\/www.pyroguard.eu\\\/fr\\\/des-nouvelles\\\/pyroguard-rejoint-la-nouvelle-marque-ombrelle-saverto-le-groupe-svt-reoriente-sa-strategie-de-marque-internationale\\\/\"]}]},{\"@type\":\"ImageObject\",\"inLanguage\":\"fr-FR\",\"@id\":\"https:\\\/\\\/www.pyroguard.eu\\\/fr\\\/des-nouvelles\\\/pyroguard-rejoint-la-nouvelle-marque-ombrelle-saverto-le-groupe-svt-reoriente-sa-strategie-de-marque-internationale\\\/#primaryimage\",\"url\":\"https:\\\/\\\/www.pyroguard.eu\\\/app\\\/uploads\\\/2025\\\/06\\\/Untitled-design-65.png\",\"contentUrl\":\"https:\\\/\\\/www.pyroguard.eu\\\/app\\\/uploads\\\/2025\\\/06\\\/Untitled-design-65.png\",\"width\":1200,\"height\":628,\"caption\":\"Pyroguard - A Saverto Company\"},{\"@type\":\"BreadcrumbList\",\"@id\":\"https:\\\/\\\/www.pyroguard.eu\\\/fr\\\/des-nouvelles\\\/pyroguard-rejoint-la-nouvelle-marque-ombrelle-saverto-le-groupe-svt-reoriente-sa-strategie-de-marque-internationale\\\/#breadcrumb\",\"itemListElement\":[{\"@type\":\"ListItem\",\"position\":1,\"name\":\"Home\",\"item\":\"https:\\\/\\\/www.pyroguard.eu\\\/fr\\\/\"},{\"@type\":\"ListItem\",\"position\":2,\"name\":\"Pyroguard rejoint la nouvelle marque ombrelle Saverto\u00a0: le groupe svt r\u00e9oriente sa strat\u00e9gie de marque internationale\"}]},{\"@type\":\"WebSite\",\"@id\":\"https:\\\/\\\/www.pyroguard.eu\\\/fr\\\/#website\",\"url\":\"https:\\\/\\\/www.pyroguard.eu\\\/fr\\\/\",\"name\":\"Pyroguard\",\"description\":\"You&#039;re in safe hands\",\"publisher\":{\"@id\":\"https:\\\/\\\/www.pyroguard.eu\\\/fr\\\/#organization\"},\"potentialAction\":[{\"@type\":\"SearchAction\",\"target\":{\"@type\":\"EntryPoint\",\"urlTemplate\":\"https:\\\/\\\/www.pyroguard.eu\\\/fr\\\/?s={search_term_string}\"},\"query-input\":{\"@type\":\"PropertyValueSpecification\",\"valueRequired\":true,\"valueName\":\"search_term_string\"}}],\"inLanguage\":\"fr-FR\"},{\"@type\":\"Organization\",\"@id\":\"https:\\\/\\\/www.pyroguard.eu\\\/fr\\\/#organization\",\"name\":\"Pyroguard\",\"url\":\"https:\\\/\\\/www.pyroguard.eu\\\/fr\\\/\",\"logo\":{\"@type\":\"ImageObject\",\"inLanguage\":\"fr-FR\",\"@id\":\"https:\\\/\\\/www.pyroguard.eu\\\/fr\\\/#\\\/schema\\\/logo\\\/image\\\/\",\"url\":\"https:\\\/\\\/www.pyroguard.eu\\\/app\\\/uploads\\\/2026\\\/02\\\/Screenshot-2026-02-04-113420.png\",\"contentUrl\":\"https:\\\/\\\/www.pyroguard.eu\\\/app\\\/uploads\\\/2026\\\/02\\\/Screenshot-2026-02-04-113420.png\",\"width\":1876,\"height\":482,\"caption\":\"Pyroguard\"},\"image\":{\"@id\":\"https:\\\/\\\/www.pyroguard.eu\\\/fr\\\/#\\\/schema\\\/logo\\\/image\\\/\"}},{\"@type\":\"Person\",\"@id\":\"https:\\\/\\\/www.pyroguard.eu\\\/fr\\\/#\\\/schema\\\/person\\\/68f8546758ab72fc2363a51e78adaff7\",\"name\":\"Laura Hennahane\",\"image\":{\"@type\":\"ImageObject\",\"inLanguage\":\"fr-FR\",\"@id\":\"https:\\\/\\\/secure.gravatar.com\\\/avatar\\\/fd3028ab63321845622b10e80716899ec04b37fe03cfc1bc46a742ea1f42f41e?s=96&d=mm&r=g\",\"url\":\"https:\\\/\\\/secure.gravatar.com\\\/avatar\\\/fd3028ab63321845622b10e80716899ec04b37fe03cfc1bc46a742ea1f42f41e?s=96&d=mm&r=g\",\"contentUrl\":\"https:\\\/\\\/secure.gravatar.com\\\/avatar\\\/fd3028ab63321845622b10e80716899ec04b37fe03cfc1bc46a742ea1f42f41e?s=96&d=mm&r=g\",\"caption\":\"Laura Hennahane\"},\"url\":\"https:\\\/\\\/www.pyroguard.eu\\\/fr\\\/author\\\/laura-hennahane\\\/\"}]}<\/script>\n<!-- \/ Yoast SEO plugin. -->","yoast_head_json":{"title":"Pyroguard rejoint la nouvelle marque ombrelle Saverto\u00a0: le groupe svt r\u00e9oriente sa strat\u00e9gie de marque internationale - Pyroguard","description":"Le groupe svt pr\u00e9sente Saverto, sa nouvelle marque ombrelle, Saverto comme nouvelle marque ombrelle, sous laquelle Pyroguard op\u00e9rera d\u00e9sormais.","robots":{"index":"index","follow":"follow","max-snippet":"max-snippet:-1","max-image-preview":"max-image-preview:large","max-video-preview":"max-video-preview:-1"},"canonical":"https:\/\/www.pyroguard.eu\/fr\/des-nouvelles\/pyroguard-rejoint-la-nouvelle-marque-ombrelle-saverto-le-groupe-svt-reoriente-sa-strategie-de-marque-internationale\/","og_locale":"fr_FR","og_type":"article","og_title":"Pyroguard rejoint la nouvelle marque ombrelle Saverto\u00a0: le groupe svt r\u00e9oriente sa strat\u00e9gie de marque internationale - Pyroguard","og_description":"Le groupe svt pr\u00e9sente Saverto, sa nouvelle marque ombrelle, Saverto comme nouvelle marque ombrelle, sous laquelle Pyroguard op\u00e9rera d\u00e9sormais.","og_url":"https:\/\/www.pyroguard.eu\/fr\/des-nouvelles\/pyroguard-rejoint-la-nouvelle-marque-ombrelle-saverto-le-groupe-svt-reoriente-sa-strategie-de-marque-internationale\/","og_site_name":"Pyroguard","article_published_time":"2025-07-01T14:07:03+00:00","article_modified_time":"2025-07-04T16:18:20+00:00","og_image":[{"width":1200,"height":628,"url":"https:\/\/www.pyroguard.eu\/app\/uploads\/2025\/06\/Untitled-design-65.png","type":"image\/png"}],"author":"Laura Hennahane","twitter_card":"summary_large_image","twitter_misc":{"Written by":"Laura Hennahane","Est. reading time":"3 minutes"},"schema":{"@context":"https:\/\/schema.org","@graph":[{"@type":"Article","@id":"https:\/\/www.pyroguard.eu\/fr\/des-nouvelles\/pyroguard-rejoint-la-nouvelle-marque-ombrelle-saverto-le-groupe-svt-reoriente-sa-strategie-de-marque-internationale\/#article","isPartOf":{"@id":"https:\/\/www.pyroguard.eu\/fr\/des-nouvelles\/pyroguard-rejoint-la-nouvelle-marque-ombrelle-saverto-le-groupe-svt-reoriente-sa-strategie-de-marque-internationale\/"},"author":{"name":"Laura Hennahane","@id":"https:\/\/www.pyroguard.eu\/fr\/#\/schema\/person\/68f8546758ab72fc2363a51e78adaff7"},"headline":"Pyroguard rejoint la nouvelle marque ombrelle Saverto\u00a0: le groupe svt r\u00e9oriente sa strat\u00e9gie de marque internationale","datePublished":"2025-07-01T14:07:03+00:00","dateModified":"2025-07-04T16:18:20+00:00","mainEntityOfPage":{"@id":"https:\/\/www.pyroguard.eu\/fr\/des-nouvelles\/pyroguard-rejoint-la-nouvelle-marque-ombrelle-saverto-le-groupe-svt-reoriente-sa-strategie-de-marque-internationale\/"},"wordCount":18,"commentCount":0,"publisher":{"@id":"https:\/\/www.pyroguard.eu\/fr\/#organization"},"image":{"@id":"https:\/\/www.pyroguard.eu\/fr\/des-nouvelles\/pyroguard-rejoint-la-nouvelle-marque-ombrelle-saverto-le-groupe-svt-reoriente-sa-strategie-de-marque-internationale\/#primaryimage"},"thumbnailUrl":"https:\/\/www.pyroguard.eu\/app\/uploads\/2025\/06\/Untitled-design-65.png","articleSection":["Des Nouvelles"],"inLanguage":"fr-FR","potentialAction":[{"@type":"CommentAction","name":"Comment","target":["https:\/\/www.pyroguard.eu\/fr\/des-nouvelles\/pyroguard-rejoint-la-nouvelle-marque-ombrelle-saverto-le-groupe-svt-reoriente-sa-strategie-de-marque-internationale\/#respond"]}]},{"@type":"WebPage","@id":"https:\/\/www.pyroguard.eu\/fr\/des-nouvelles\/pyroguard-rejoint-la-nouvelle-marque-ombrelle-saverto-le-groupe-svt-reoriente-sa-strategie-de-marque-internationale\/","url":"https:\/\/www.pyroguard.eu\/fr\/des-nouvelles\/pyroguard-rejoint-la-nouvelle-marque-ombrelle-saverto-le-groupe-svt-reoriente-sa-strategie-de-marque-internationale\/","name":"Pyroguard rejoint la nouvelle marque ombrelle Saverto\u00a0: le groupe svt r\u00e9oriente sa strat\u00e9gie de marque internationale - Pyroguard","isPartOf":{"@id":"https:\/\/www.pyroguard.eu\/fr\/#website"},"primaryImageOfPage":{"@id":"https:\/\/www.pyroguard.eu\/fr\/des-nouvelles\/pyroguard-rejoint-la-nouvelle-marque-ombrelle-saverto-le-groupe-svt-reoriente-sa-strategie-de-marque-internationale\/#primaryimage"},"image":{"@id":"https:\/\/www.pyroguard.eu\/fr\/des-nouvelles\/pyroguard-rejoint-la-nouvelle-marque-ombrelle-saverto-le-groupe-svt-reoriente-sa-strategie-de-marque-internationale\/#primaryimage"},"thumbnailUrl":"https:\/\/www.pyroguard.eu\/app\/uploads\/2025\/06\/Untitled-design-65.png","datePublished":"2025-07-01T14:07:03+00:00","dateModified":"2025-07-04T16:18:20+00:00","description":"Le groupe svt pr\u00e9sente Saverto, sa nouvelle marque ombrelle, Saverto comme nouvelle marque ombrelle, sous laquelle Pyroguard op\u00e9rera d\u00e9sormais.","breadcrumb":{"@id":"https:\/\/www.pyroguard.eu\/fr\/des-nouvelles\/pyroguard-rejoint-la-nouvelle-marque-ombrelle-saverto-le-groupe-svt-reoriente-sa-strategie-de-marque-internationale\/#breadcrumb"},"inLanguage":"fr-FR","potentialAction":[{"@type":"ReadAction","target":["https:\/\/www.pyroguard.eu\/fr\/des-nouvelles\/pyroguard-rejoint-la-nouvelle-marque-ombrelle-saverto-le-groupe-svt-reoriente-sa-strategie-de-marque-internationale\/"]}]},{"@type":"ImageObject","inLanguage":"fr-FR","@id":"https:\/\/www.pyroguard.eu\/fr\/des-nouvelles\/pyroguard-rejoint-la-nouvelle-marque-ombrelle-saverto-le-groupe-svt-reoriente-sa-strategie-de-marque-internationale\/#primaryimage","url":"https:\/\/www.pyroguard.eu\/app\/uploads\/2025\/06\/Untitled-design-65.png","contentUrl":"https:\/\/www.pyroguard.eu\/app\/uploads\/2025\/06\/Untitled-design-65.png","width":1200,"height":628,"caption":"Pyroguard - A Saverto Company"},{"@type":"BreadcrumbList","@id":"https:\/\/www.pyroguard.eu\/fr\/des-nouvelles\/pyroguard-rejoint-la-nouvelle-marque-ombrelle-saverto-le-groupe-svt-reoriente-sa-strategie-de-marque-internationale\/#breadcrumb","itemListElement":[{"@type":"ListItem","position":1,"name":"Home","item":"https:\/\/www.pyroguard.eu\/fr\/"},{"@type":"ListItem","position":2,"name":"Pyroguard rejoint la nouvelle marque ombrelle Saverto\u00a0: le groupe svt r\u00e9oriente sa strat\u00e9gie de marque internationale"}]},{"@type":"WebSite","@id":"https:\/\/www.pyroguard.eu\/fr\/#website","url":"https:\/\/www.pyroguard.eu\/fr\/","name":"Pyroguard","description":"You&#039;re in safe hands","publisher":{"@id":"https:\/\/www.pyroguard.eu\/fr\/#organization"},"potentialAction":[{"@type":"SearchAction","target":{"@type":"EntryPoint","urlTemplate":"https:\/\/www.pyroguard.eu\/fr\/?s={search_term_string}"},"query-input":{"@type":"PropertyValueSpecification","valueRequired":true,"valueName":"search_term_string"}}],"inLanguage":"fr-FR"},{"@type":"Organization","@id":"https:\/\/www.pyroguard.eu\/fr\/#organization","name":"Pyroguard","url":"https:\/\/www.pyroguard.eu\/fr\/","logo":{"@type":"ImageObject","inLanguage":"fr-FR","@id":"https:\/\/www.pyroguard.eu\/fr\/#\/schema\/logo\/image\/","url":"https:\/\/www.pyroguard.eu\/app\/uploads\/2026\/02\/Screenshot-2026-02-04-113420.png","contentUrl":"https:\/\/www.pyroguard.eu\/app\/uploads\/2026\/02\/Screenshot-2026-02-04-113420.png","width":1876,"height":482,"caption":"Pyroguard"},"image":{"@id":"https:\/\/www.pyroguard.eu\/fr\/#\/schema\/logo\/image\/"}},{"@type":"Person","@id":"https:\/\/www.pyroguard.eu\/fr\/#\/schema\/person\/68f8546758ab72fc2363a51e78adaff7","name":"Laura Hennahane","image":{"@type":"ImageObject","inLanguage":"fr-FR","@id":"https:\/\/secure.gravatar.com\/avatar\/fd3028ab63321845622b10e80716899ec04b37fe03cfc1bc46a742ea1f42f41e?s=96&d=mm&r=g","url":"https:\/\/secure.gravatar.com\/avatar\/fd3028ab63321845622b10e80716899ec04b37fe03cfc1bc46a742ea1f42f41e?s=96&d=mm&r=g","contentUrl":"https:\/\/secure.gravatar.com\/avatar\/fd3028ab63321845622b10e80716899ec04b37fe03cfc1bc46a742ea1f42f41e?s=96&d=mm&r=g","caption":"Laura Hennahane"},"url":"https:\/\/www.pyroguard.eu\/fr\/author\/laura-hennahane\/"}]}},"_links":{"self":[{"href":"https:\/\/www.pyroguard.eu\/fr\/wp-json\/wp\/v2\/posts\/48654","targetHints":{"allow":["GET"]}}],"collection":[{"href":"https:\/\/www.pyroguard.eu\/fr\/wp-json\/wp\/v2\/posts"}],"about":[{"href":"https:\/\/www.pyroguard.eu\/fr\/wp-json\/wp\/v2\/types\/post"}],"author":[{"embeddable":true,"href":"https:\/\/www.pyroguard.eu\/fr\/wp-json\/wp\/v2\/users\/4"}],"replies":[{"embeddable":true,"href":"https:\/\/www.pyroguard.eu\/fr\/wp-json\/wp\/v2\/comments?post=48654"}],"version-history":[{"count":2,"href":"https:\/\/www.pyroguard.eu\/fr\/wp-json\/wp\/v2\/posts\/48654\/revisions"}],"predecessor-version":[{"id":48656,"href":"https:\/\/www.pyroguard.eu\/fr\/wp-json\/wp\/v2\/posts\/48654\/revisions\/48656"}],"wp:featuredmedia":[{"embeddable":true,"href":"https:\/\/www.pyroguard.eu\/fr\/wp-json\/wp\/v2\/media\/48392"}],"wp:attachment":[{"href":"https:\/\/www.pyroguard.eu\/fr\/wp-json\/wp\/v2\/media?parent=48654"}],"wp:term":[{"taxonomy":"category","embeddable":true,"href":"https:\/\/www.pyroguard.eu\/fr\/wp-json\/wp\/v2\/categories?post=48654"},{"taxonomy":"post_tag","embeddable":true,"href":"https:\/\/www.pyroguard.eu\/fr\/wp-json\/wp\/v2\/tags?post=48654"}],"curies":[{"name":"wp","href":"https:\/\/api.w.org\/{rel}","templated":true}]}}