{"id":23990,"date":"2019-03-07T15:57:00","date_gmt":"2019-03-07T15:57:00","guid":{"rendered":"https:\/\/www.pyroguard.eu\/?p=23990"},"modified":"2022-06-16T15:48:51","modified_gmt":"2022-06-16T14:48:51","slug":"pyroguard-renforce-son-equipe-commerciale-francaise","status":"publish","type":"post","link":"https:\/\/www.pyroguard.eu\/fr\/des-nouvelles\/pyroguard-renforce-son-equipe-commerciale-francaise\/","title":{"rendered":"Pyroguard renforce son \u00e9quipe commerciale fran\u00e7aise"},"content":{"rendered":"<section data-block_6193d4efd5bed class=\"textbox-image align py-120 first:pt-0\" >\n  <div class=\"container\">\n    \n    <div class=\"relative grid grid-cols-1 gap-54 1024:grid-cols-2 1024:min-h-800 1024:mb-81\">\n      <div class=\"1024:pb-120\">\n        <div class=\"bg-white shadow p-54 relative z-10\">\n          <h4>Pyroguard, premier fabricant fran\u00e7ais ind\u00e9pendant de vitrages tremp\u00e9s pare-flammes et coupe-feux, a consid\u00e9rablement renforc\u00e9 son \u00e9quipe commerciale en France gr\u00e2ce \u00e0 deux nouveaux recrutements.<\/h4>\n\n          <div class=\"h-160 absolute block top-full left-54 -mt-24 z-20 flex\">\n            <span class=\"bg-orange block w-3 h-1\/3 mx-0\"><\/span>\n            <span class=\"bg-orange block w-3 h-2\/3 mx-24\"><\/span>\n            <span class=\"bg-orange block w-3 h-full mx-0\"><\/span>\n          <\/div>\n\n        <\/div>\n      <\/div>\n      <div class=\"relative z-0 top-0 right-0 left-auto bottom-0 w-full bottom-0 1024:absolute 1024:w-3\/4 aspect-h-1 aspect-w-1 1024:aspect-none 1024:transform 1024:translate-y-81\">\n        <img loading=\"lazy\" decoding=\"async\" width=\"1200\" height=\"520\" src=\"https:\/\/www.pyroguard.eu\/app\/uploads\/2019\/03\/French-flag2-1200x520-1.jpg\" class=\"block object-cover h-full w-full\" alt=\"French Flag\" srcset=\"https:\/\/www.pyroguard.eu\/app\/uploads\/2019\/03\/French-flag2-1200x520-1.jpg 1200w, https:\/\/www.pyroguard.eu\/app\/uploads\/2019\/03\/French-flag2-1200x520-1-300x130.jpg 300w, https:\/\/www.pyroguard.eu\/app\/uploads\/2019\/03\/French-flag2-1200x520-1-1024x444.jpg 1024w, https:\/\/www.pyroguard.eu\/app\/uploads\/2019\/03\/French-flag2-1200x520-1-768x333.jpg 768w\" sizes=\"auto, (max-width: 1200px) 100vw, 1200px\" \/>\n      <\/div>\n    <\/div>\n  <\/div>\n<\/section>\n\n\n<section data-block_6193d519d5bee class=\"news-content align py-120 first:pt-0\">\n  <div class=\"container\">\n    <div class=\"grid grid-cols-1 1024:grid-cols-3 gap-54\">\n      <div class=\"col-span-2\">\n        <p>Michael Lavocat et Tony Caltagirone ont tous deux rejoint Pyroguard au d\u00e9but du mois de f\u00e9vrier, et apportent une large exp\u00e9rience, acquise au cours de leur carri\u00e8re aupr\u00e8s d\u2019 intervenants de premier plan dans le secteur du vitrage et de la construction.<\/p>\n<p>Couvrant respectivement les territoires du Nord-Est et du Sud-Est, Michel et Tony sont bien plac\u00e9s pour continuer d\u2019\u00e9tablir des relations \u00e9troites avec les clients de la filiale fran\u00e7aise, qui continue d\u2019\u00e9voluer avec une croissance rapide.<\/p>\n<p>Jason Walker, Directeur commercial du groupe chez Pyroguard, a d\u00e9clar\u00e9 : \u00ab Recruter Michel et Tony est un formidable pas en avant. Renforcer notre \u00e9quipe fran\u00e7aise a \u00e9t\u00e9 essentiel au d\u00e9veloppement du niveau de service, de soutien technique et d\u2019expertise sur ce secteur g\u00e9ographique important.<\/p>\n<p>Ce niveau d\u2019expertise, associ\u00e9 \u00e0 notre site de production, leader du march\u00e9 et situ\u00e9 \u00e0 Seingbouse en Moselle, permet \u00e0 Pyroguard de parfaitement se positionner pour desservir le march\u00e9 fran\u00e7ais gr\u00e2ce \u00e0 une gamme de vitrages coupe-feux de qualit\u00e9 fabriqu\u00e9s localement. En outre, nos clients peuvent compter \u00e9galement sur nous pour leur apporter une assistance technique et dans la gestion de projets sp\u00e9cifiques.<\/p>\n<p>Pour de plus amples informations sur Pyroguard ou sur sa gamme de vitrages coupe-feux, veuillez visiter le site\u00a0<a href=\"https:\/\/www.pyroguard.eu\/fr\/\">www.pyroguard.fr<\/a>\u00a0ou\u00a0<a href=\"https:\/\/www.pyroguard.eu\/fr\/contact\/\">contactez-nous<\/a>\u00a0directement pour obtenir de l\u2019aide.<\/p>\n        <div class=\"mt-81\">\n                    <a href=\"https:\/\/www.pyroguard.eu\/fr\/\/the-newsroom\/\" class=\"button\" title=\"Retournez \u00e0 la r\u00e9daction\">Retourner<\/a>\n        <\/div>\n      <\/div>\n      <div class=\"col-span-1\">\n        <div class=\"block bg-lightgrey p-54 shadow sticky top-54\">\n          <h2 class=\"line\">Further reading<\/h2>\n                              <h3 class=\"mt-0\">Comment le verre de s\u00e9curit\u00e9 incendie moderne contribue \u00e0 \u00e9quilibrer fonctionnalit\u00e9 et \u00e9l\u00e9gance dans les b\u00e2timents d&#8217;h\u00e9bergement actuels<\/h3>\n          <a href=\"https:\/\/www.pyroguard.eu\/fr\/des-nouvelles\/comment-le-verre-de-securite-incendie-moderne-contribue-a-equilibrer-fonctionnalite-et-elegance-dans-les-batiments-dhebergement-actuels\/\" title=\"Comment le verre de s\u00e9curit\u00e9 incendie moderne contribue \u00e0 \u00e9quilibrer fonctionnalit\u00e9 et \u00e9l\u00e9gance dans les b\u00e2timents d&#8217;h\u00e9bergement actuels\" class=\"button mb-54 last:mb-0\">Lire la suite<\/a>\n                    <h3 class=\"mt-0\">Les nouveaux types de vitrage apportent des avantages aux environnements de soins modernes, aussi bien en mati\u00e8re de bien-\u00eatre que d\u2019architecture<\/h3>\n          <a href=\"https:\/\/www.pyroguard.eu\/fr\/des-nouvelles\/les-nouveaux-types-de-vitrage-apportent-des-avantages-aux-environnements-de-soins-modernes-aussi-bien-en-matiere-de-bien-etre-que-darchitecture\/\" title=\"Les nouveaux types de vitrage apportent des avantages aux environnements de soins modernes, aussi bien en mati\u00e8re de bien-\u00eatre que d\u2019architecture\" class=\"button mb-54 last:mb-0\">Lire la suite<\/a>\n                    <h3 class=\"mt-0\">Une approche syst\u00e9mique de la s\u00e9curit\u00e9 incendie<\/h3>\n          <a href=\"https:\/\/www.pyroguard.eu\/fr\/des-nouvelles\/une-approche-systemique-de-la-securite-incendie\/\" title=\"Une approche syst\u00e9mique de la s\u00e9curit\u00e9 incendie\" class=\"button mb-54 last:mb-0\">Lire la suite<\/a>\n                  <\/div>\n      <\/div>\n    <\/div>\n  <\/div>\n<\/section>\n\n","protected":false},"excerpt":{"rendered":"","protected":false},"author":1,"featured_media":21211,"comment_status":"open","ping_status":"open","sticky":false,"template":"","format":"standard","meta":{"_acf_changed":false,"footnotes":""},"categories":[41],"tags":[],"class_list":["post-23990","post","type-post","status-publish","format-standard","has-post-thumbnail","hentry","category-des-nouvelles"],"acf":[],"yoast_head":"<!-- This site is optimized with the Yoast SEO plugin v27.3 - https:\/\/yoast.com\/product\/yoast-seo-wordpress\/ -->\n<title>Pyroguard renforce son \u00e9quipe commerciale fran\u00e7aise - Pyroguard<\/title>\n<meta name=\"description\" content=\"Pyroguard renforce son \u00e9quipe de vente fran\u00e7aise avec la nomination de deux nouveaux membres : Michel Lavocat et Tony Caltagirone.\" \/>\n<meta name=\"robots\" content=\"index, follow, max-snippet:-1, max-image-preview:large, max-video-preview:-1\" \/>\n<link rel=\"canonical\" href=\"https:\/\/www.pyroguard.eu\/fr\/des-nouvelles\/pyroguard-renforce-son-equipe-commerciale-francaise\/\" \/>\n<meta property=\"og:locale\" content=\"fr_FR\" \/>\n<meta property=\"og:type\" content=\"article\" \/>\n<meta property=\"og:title\" content=\"Pyroguard renforce son \u00e9quipe commerciale fran\u00e7aise - Pyroguard\" \/>\n<meta property=\"og:description\" content=\"Pyroguard renforce son \u00e9quipe de vente fran\u00e7aise avec la nomination de deux nouveaux membres : Michel Lavocat et Tony Caltagirone.\" \/>\n<meta property=\"og:url\" content=\"https:\/\/www.pyroguard.eu\/fr\/des-nouvelles\/pyroguard-renforce-son-equipe-commerciale-francaise\/\" \/>\n<meta property=\"og:site_name\" content=\"Pyroguard\" \/>\n<meta property=\"article:published_time\" content=\"2019-03-07T15:57:00+00:00\" \/>\n<meta property=\"article:modified_time\" content=\"2022-06-16T14:48:51+00:00\" \/>\n<meta property=\"og:image\" content=\"https:\/\/www.pyroguard.eu\/app\/uploads\/2019\/03\/French-flag2-1200x520-1.jpg\" \/>\n\t<meta property=\"og:image:width\" content=\"1200\" \/>\n\t<meta property=\"og:image:height\" content=\"520\" \/>\n\t<meta property=\"og:image:type\" content=\"image\/jpeg\" \/>\n<meta name=\"author\" content=\"harrisAdmin\" \/>\n<meta name=\"twitter:card\" content=\"summary_large_image\" \/>\n<meta name=\"twitter:label1\" content=\"Written by\" \/>\n\t<meta name=\"twitter:data1\" content=\"harrisAdmin\" \/>\n<script type=\"application\/ld+json\" class=\"yoast-schema-graph\">{\"@context\":\"https:\\\/\\\/schema.org\",\"@graph\":[{\"@type\":\"Article\",\"@id\":\"https:\\\/\\\/www.pyroguard.eu\\\/fr\\\/des-nouvelles\\\/pyroguard-renforce-son-equipe-commerciale-francaise\\\/#article\",\"isPartOf\":{\"@id\":\"https:\\\/\\\/www.pyroguard.eu\\\/fr\\\/des-nouvelles\\\/pyroguard-renforce-son-equipe-commerciale-francaise\\\/\"},\"author\":{\"name\":\"harrisAdmin\",\"@id\":\"https:\\\/\\\/www.pyroguard.eu\\\/fr\\\/#\\\/schema\\\/person\\\/aee1b9f3dad5f869dccd8e327ff767d0\"},\"headline\":\"Pyroguard renforce son \u00e9quipe commerciale fran\u00e7aise\",\"datePublished\":\"2019-03-07T15:57:00+00:00\",\"dateModified\":\"2022-06-16T14:48:51+00:00\",\"mainEntityOfPage\":{\"@id\":\"https:\\\/\\\/www.pyroguard.eu\\\/fr\\\/des-nouvelles\\\/pyroguard-renforce-son-equipe-commerciale-francaise\\\/\"},\"wordCount\":7,\"commentCount\":0,\"publisher\":{\"@id\":\"https:\\\/\\\/www.pyroguard.eu\\\/fr\\\/#organization\"},\"image\":{\"@id\":\"https:\\\/\\\/www.pyroguard.eu\\\/fr\\\/des-nouvelles\\\/pyroguard-renforce-son-equipe-commerciale-francaise\\\/#primaryimage\"},\"thumbnailUrl\":\"https:\\\/\\\/www.pyroguard.eu\\\/app\\\/uploads\\\/2019\\\/03\\\/French-flag2-1200x520-1.jpg\",\"articleSection\":[\"Des Nouvelles\"],\"inLanguage\":\"fr-FR\",\"potentialAction\":[{\"@type\":\"CommentAction\",\"name\":\"Comment\",\"target\":[\"https:\\\/\\\/www.pyroguard.eu\\\/fr\\\/des-nouvelles\\\/pyroguard-renforce-son-equipe-commerciale-francaise\\\/#respond\"]}]},{\"@type\":\"WebPage\",\"@id\":\"https:\\\/\\\/www.pyroguard.eu\\\/fr\\\/des-nouvelles\\\/pyroguard-renforce-son-equipe-commerciale-francaise\\\/\",\"url\":\"https:\\\/\\\/www.pyroguard.eu\\\/fr\\\/des-nouvelles\\\/pyroguard-renforce-son-equipe-commerciale-francaise\\\/\",\"name\":\"Pyroguard renforce son \u00e9quipe commerciale fran\u00e7aise - Pyroguard\",\"isPartOf\":{\"@id\":\"https:\\\/\\\/www.pyroguard.eu\\\/fr\\\/#website\"},\"primaryImageOfPage\":{\"@id\":\"https:\\\/\\\/www.pyroguard.eu\\\/fr\\\/des-nouvelles\\\/pyroguard-renforce-son-equipe-commerciale-francaise\\\/#primaryimage\"},\"image\":{\"@id\":\"https:\\\/\\\/www.pyroguard.eu\\\/fr\\\/des-nouvelles\\\/pyroguard-renforce-son-equipe-commerciale-francaise\\\/#primaryimage\"},\"thumbnailUrl\":\"https:\\\/\\\/www.pyroguard.eu\\\/app\\\/uploads\\\/2019\\\/03\\\/French-flag2-1200x520-1.jpg\",\"datePublished\":\"2019-03-07T15:57:00+00:00\",\"dateModified\":\"2022-06-16T14:48:51+00:00\",\"description\":\"Pyroguard renforce son \u00e9quipe de vente fran\u00e7aise avec la nomination de deux nouveaux membres : Michel Lavocat et Tony Caltagirone.\",\"breadcrumb\":{\"@id\":\"https:\\\/\\\/www.pyroguard.eu\\\/fr\\\/des-nouvelles\\\/pyroguard-renforce-son-equipe-commerciale-francaise\\\/#breadcrumb\"},\"inLanguage\":\"fr-FR\",\"potentialAction\":[{\"@type\":\"ReadAction\",\"target\":[\"https:\\\/\\\/www.pyroguard.eu\\\/fr\\\/des-nouvelles\\\/pyroguard-renforce-son-equipe-commerciale-francaise\\\/\"]}]},{\"@type\":\"ImageObject\",\"inLanguage\":\"fr-FR\",\"@id\":\"https:\\\/\\\/www.pyroguard.eu\\\/fr\\\/des-nouvelles\\\/pyroguard-renforce-son-equipe-commerciale-francaise\\\/#primaryimage\",\"url\":\"https:\\\/\\\/www.pyroguard.eu\\\/app\\\/uploads\\\/2019\\\/03\\\/French-flag2-1200x520-1.jpg\",\"contentUrl\":\"https:\\\/\\\/www.pyroguard.eu\\\/app\\\/uploads\\\/2019\\\/03\\\/French-flag2-1200x520-1.jpg\",\"width\":1200,\"height\":520,\"caption\":\"French Flag\"},{\"@type\":\"BreadcrumbList\",\"@id\":\"https:\\\/\\\/www.pyroguard.eu\\\/fr\\\/des-nouvelles\\\/pyroguard-renforce-son-equipe-commerciale-francaise\\\/#breadcrumb\",\"itemListElement\":[{\"@type\":\"ListItem\",\"position\":1,\"name\":\"Home\",\"item\":\"https:\\\/\\\/www.pyroguard.eu\\\/fr\\\/\"},{\"@type\":\"ListItem\",\"position\":2,\"name\":\"Pyroguard renforce son \u00e9quipe commerciale fran\u00e7aise\"}]},{\"@type\":\"WebSite\",\"@id\":\"https:\\\/\\\/www.pyroguard.eu\\\/fr\\\/#website\",\"url\":\"https:\\\/\\\/www.pyroguard.eu\\\/fr\\\/\",\"name\":\"Pyroguard\",\"description\":\"You&#039;re in safe hands\",\"publisher\":{\"@id\":\"https:\\\/\\\/www.pyroguard.eu\\\/fr\\\/#organization\"},\"potentialAction\":[{\"@type\":\"SearchAction\",\"target\":{\"@type\":\"EntryPoint\",\"urlTemplate\":\"https:\\\/\\\/www.pyroguard.eu\\\/fr\\\/?s={search_term_string}\"},\"query-input\":{\"@type\":\"PropertyValueSpecification\",\"valueRequired\":true,\"valueName\":\"search_term_string\"}}],\"inLanguage\":\"fr-FR\"},{\"@type\":\"Organization\",\"@id\":\"https:\\\/\\\/www.pyroguard.eu\\\/fr\\\/#organization\",\"name\":\"Pyroguard\",\"url\":\"https:\\\/\\\/www.pyroguard.eu\\\/fr\\\/\",\"logo\":{\"@type\":\"ImageObject\",\"inLanguage\":\"fr-FR\",\"@id\":\"https:\\\/\\\/www.pyroguard.eu\\\/fr\\\/#\\\/schema\\\/logo\\\/image\\\/\",\"url\":\"https:\\\/\\\/www.pyroguard.eu\\\/app\\\/uploads\\\/2026\\\/02\\\/Screenshot-2026-02-04-113420.png\",\"contentUrl\":\"https:\\\/\\\/www.pyroguard.eu\\\/app\\\/uploads\\\/2026\\\/02\\\/Screenshot-2026-02-04-113420.png\",\"width\":1876,\"height\":482,\"caption\":\"Pyroguard\"},\"image\":{\"@id\":\"https:\\\/\\\/www.pyroguard.eu\\\/fr\\\/#\\\/schema\\\/logo\\\/image\\\/\"}},{\"@type\":\"Person\",\"@id\":\"https:\\\/\\\/www.pyroguard.eu\\\/fr\\\/#\\\/schema\\\/person\\\/aee1b9f3dad5f869dccd8e327ff767d0\",\"name\":\"harrisAdmin\",\"image\":{\"@type\":\"ImageObject\",\"inLanguage\":\"fr-FR\",\"@id\":\"https:\\\/\\\/secure.gravatar.com\\\/avatar\\\/b0ed4659baeab0a3fe1dea755725b2ae509dbdc2bcb75c59119ce656628cc046?s=96&d=mm&r=g\",\"url\":\"https:\\\/\\\/secure.gravatar.com\\\/avatar\\\/b0ed4659baeab0a3fe1dea755725b2ae509dbdc2bcb75c59119ce656628cc046?s=96&d=mm&r=g\",\"contentUrl\":\"https:\\\/\\\/secure.gravatar.com\\\/avatar\\\/b0ed4659baeab0a3fe1dea755725b2ae509dbdc2bcb75c59119ce656628cc046?s=96&d=mm&r=g\",\"caption\":\"harrisAdmin\"},\"sameAs\":[\"https:\\\/\\\/www.harris-creative.co.uk\"],\"url\":\"https:\\\/\\\/www.pyroguard.eu\\\/fr\\\/author\\\/harrisadmin\\\/\"}]}<\/script>\n<!-- \/ Yoast SEO plugin. -->","yoast_head_json":{"title":"Pyroguard renforce son \u00e9quipe commerciale fran\u00e7aise - Pyroguard","description":"Pyroguard renforce son \u00e9quipe de vente fran\u00e7aise avec la nomination de deux nouveaux membres : Michel Lavocat et Tony Caltagirone.","robots":{"index":"index","follow":"follow","max-snippet":"max-snippet:-1","max-image-preview":"max-image-preview:large","max-video-preview":"max-video-preview:-1"},"canonical":"https:\/\/www.pyroguard.eu\/fr\/des-nouvelles\/pyroguard-renforce-son-equipe-commerciale-francaise\/","og_locale":"fr_FR","og_type":"article","og_title":"Pyroguard renforce son \u00e9quipe commerciale fran\u00e7aise - Pyroguard","og_description":"Pyroguard renforce son \u00e9quipe de vente fran\u00e7aise avec la nomination de deux nouveaux membres : Michel Lavocat et Tony Caltagirone.","og_url":"https:\/\/www.pyroguard.eu\/fr\/des-nouvelles\/pyroguard-renforce-son-equipe-commerciale-francaise\/","og_site_name":"Pyroguard","article_published_time":"2019-03-07T15:57:00+00:00","article_modified_time":"2022-06-16T14:48:51+00:00","og_image":[{"width":1200,"height":520,"url":"https:\/\/www.pyroguard.eu\/app\/uploads\/2019\/03\/French-flag2-1200x520-1.jpg","type":"image\/jpeg"}],"author":"harrisAdmin","twitter_card":"summary_large_image","twitter_misc":{"Written by":"harrisAdmin"},"schema":{"@context":"https:\/\/schema.org","@graph":[{"@type":"Article","@id":"https:\/\/www.pyroguard.eu\/fr\/des-nouvelles\/pyroguard-renforce-son-equipe-commerciale-francaise\/#article","isPartOf":{"@id":"https:\/\/www.pyroguard.eu\/fr\/des-nouvelles\/pyroguard-renforce-son-equipe-commerciale-francaise\/"},"author":{"name":"harrisAdmin","@id":"https:\/\/www.pyroguard.eu\/fr\/#\/schema\/person\/aee1b9f3dad5f869dccd8e327ff767d0"},"headline":"Pyroguard renforce son \u00e9quipe commerciale fran\u00e7aise","datePublished":"2019-03-07T15:57:00+00:00","dateModified":"2022-06-16T14:48:51+00:00","mainEntityOfPage":{"@id":"https:\/\/www.pyroguard.eu\/fr\/des-nouvelles\/pyroguard-renforce-son-equipe-commerciale-francaise\/"},"wordCount":7,"commentCount":0,"publisher":{"@id":"https:\/\/www.pyroguard.eu\/fr\/#organization"},"image":{"@id":"https:\/\/www.pyroguard.eu\/fr\/des-nouvelles\/pyroguard-renforce-son-equipe-commerciale-francaise\/#primaryimage"},"thumbnailUrl":"https:\/\/www.pyroguard.eu\/app\/uploads\/2019\/03\/French-flag2-1200x520-1.jpg","articleSection":["Des Nouvelles"],"inLanguage":"fr-FR","potentialAction":[{"@type":"CommentAction","name":"Comment","target":["https:\/\/www.pyroguard.eu\/fr\/des-nouvelles\/pyroguard-renforce-son-equipe-commerciale-francaise\/#respond"]}]},{"@type":"WebPage","@id":"https:\/\/www.pyroguard.eu\/fr\/des-nouvelles\/pyroguard-renforce-son-equipe-commerciale-francaise\/","url":"https:\/\/www.pyroguard.eu\/fr\/des-nouvelles\/pyroguard-renforce-son-equipe-commerciale-francaise\/","name":"Pyroguard renforce son \u00e9quipe commerciale fran\u00e7aise - Pyroguard","isPartOf":{"@id":"https:\/\/www.pyroguard.eu\/fr\/#website"},"primaryImageOfPage":{"@id":"https:\/\/www.pyroguard.eu\/fr\/des-nouvelles\/pyroguard-renforce-son-equipe-commerciale-francaise\/#primaryimage"},"image":{"@id":"https:\/\/www.pyroguard.eu\/fr\/des-nouvelles\/pyroguard-renforce-son-equipe-commerciale-francaise\/#primaryimage"},"thumbnailUrl":"https:\/\/www.pyroguard.eu\/app\/uploads\/2019\/03\/French-flag2-1200x520-1.jpg","datePublished":"2019-03-07T15:57:00+00:00","dateModified":"2022-06-16T14:48:51+00:00","description":"Pyroguard renforce son \u00e9quipe de vente fran\u00e7aise avec la nomination de deux nouveaux membres : Michel Lavocat et Tony Caltagirone.","breadcrumb":{"@id":"https:\/\/www.pyroguard.eu\/fr\/des-nouvelles\/pyroguard-renforce-son-equipe-commerciale-francaise\/#breadcrumb"},"inLanguage":"fr-FR","potentialAction":[{"@type":"ReadAction","target":["https:\/\/www.pyroguard.eu\/fr\/des-nouvelles\/pyroguard-renforce-son-equipe-commerciale-francaise\/"]}]},{"@type":"ImageObject","inLanguage":"fr-FR","@id":"https:\/\/www.pyroguard.eu\/fr\/des-nouvelles\/pyroguard-renforce-son-equipe-commerciale-francaise\/#primaryimage","url":"https:\/\/www.pyroguard.eu\/app\/uploads\/2019\/03\/French-flag2-1200x520-1.jpg","contentUrl":"https:\/\/www.pyroguard.eu\/app\/uploads\/2019\/03\/French-flag2-1200x520-1.jpg","width":1200,"height":520,"caption":"French Flag"},{"@type":"BreadcrumbList","@id":"https:\/\/www.pyroguard.eu\/fr\/des-nouvelles\/pyroguard-renforce-son-equipe-commerciale-francaise\/#breadcrumb","itemListElement":[{"@type":"ListItem","position":1,"name":"Home","item":"https:\/\/www.pyroguard.eu\/fr\/"},{"@type":"ListItem","position":2,"name":"Pyroguard renforce son \u00e9quipe commerciale fran\u00e7aise"}]},{"@type":"WebSite","@id":"https:\/\/www.pyroguard.eu\/fr\/#website","url":"https:\/\/www.pyroguard.eu\/fr\/","name":"Pyroguard","description":"You&#039;re in safe hands","publisher":{"@id":"https:\/\/www.pyroguard.eu\/fr\/#organization"},"potentialAction":[{"@type":"SearchAction","target":{"@type":"EntryPoint","urlTemplate":"https:\/\/www.pyroguard.eu\/fr\/?s={search_term_string}"},"query-input":{"@type":"PropertyValueSpecification","valueRequired":true,"valueName":"search_term_string"}}],"inLanguage":"fr-FR"},{"@type":"Organization","@id":"https:\/\/www.pyroguard.eu\/fr\/#organization","name":"Pyroguard","url":"https:\/\/www.pyroguard.eu\/fr\/","logo":{"@type":"ImageObject","inLanguage":"fr-FR","@id":"https:\/\/www.pyroguard.eu\/fr\/#\/schema\/logo\/image\/","url":"https:\/\/www.pyroguard.eu\/app\/uploads\/2026\/02\/Screenshot-2026-02-04-113420.png","contentUrl":"https:\/\/www.pyroguard.eu\/app\/uploads\/2026\/02\/Screenshot-2026-02-04-113420.png","width":1876,"height":482,"caption":"Pyroguard"},"image":{"@id":"https:\/\/www.pyroguard.eu\/fr\/#\/schema\/logo\/image\/"}},{"@type":"Person","@id":"https:\/\/www.pyroguard.eu\/fr\/#\/schema\/person\/aee1b9f3dad5f869dccd8e327ff767d0","name":"harrisAdmin","image":{"@type":"ImageObject","inLanguage":"fr-FR","@id":"https:\/\/secure.gravatar.com\/avatar\/b0ed4659baeab0a3fe1dea755725b2ae509dbdc2bcb75c59119ce656628cc046?s=96&d=mm&r=g","url":"https:\/\/secure.gravatar.com\/avatar\/b0ed4659baeab0a3fe1dea755725b2ae509dbdc2bcb75c59119ce656628cc046?s=96&d=mm&r=g","contentUrl":"https:\/\/secure.gravatar.com\/avatar\/b0ed4659baeab0a3fe1dea755725b2ae509dbdc2bcb75c59119ce656628cc046?s=96&d=mm&r=g","caption":"harrisAdmin"},"sameAs":["https:\/\/www.harris-creative.co.uk"],"url":"https:\/\/www.pyroguard.eu\/fr\/author\/harrisadmin\/"}]}},"_links":{"self":[{"href":"https:\/\/www.pyroguard.eu\/fr\/wp-json\/wp\/v2\/posts\/23990","targetHints":{"allow":["GET"]}}],"collection":[{"href":"https:\/\/www.pyroguard.eu\/fr\/wp-json\/wp\/v2\/posts"}],"about":[{"href":"https:\/\/www.pyroguard.eu\/fr\/wp-json\/wp\/v2\/types\/post"}],"author":[{"embeddable":true,"href":"https:\/\/www.pyroguard.eu\/fr\/wp-json\/wp\/v2\/users\/1"}],"replies":[{"embeddable":true,"href":"https:\/\/www.pyroguard.eu\/fr\/wp-json\/wp\/v2\/comments?post=23990"}],"version-history":[{"count":2,"href":"https:\/\/www.pyroguard.eu\/fr\/wp-json\/wp\/v2\/posts\/23990\/revisions"}],"predecessor-version":[{"id":23992,"href":"https:\/\/www.pyroguard.eu\/fr\/wp-json\/wp\/v2\/posts\/23990\/revisions\/23992"}],"wp:featuredmedia":[{"embeddable":true,"href":"https:\/\/www.pyroguard.eu\/fr\/wp-json\/wp\/v2\/media\/21211"}],"wp:attachment":[{"href":"https:\/\/www.pyroguard.eu\/fr\/wp-json\/wp\/v2\/media?parent=23990"}],"wp:term":[{"taxonomy":"category","embeddable":true,"href":"https:\/\/www.pyroguard.eu\/fr\/wp-json\/wp\/v2\/categories?post=23990"},{"taxonomy":"post_tag","embeddable":true,"href":"https:\/\/www.pyroguard.eu\/fr\/wp-json\/wp\/v2\/tags?post=23990"}],"curies":[{"name":"wp","href":"https:\/\/api.w.org\/{rel}","templated":true}]}}