{"id":39011,"date":"2023-10-11T12:10:33","date_gmt":"2023-10-11T11:10:33","guid":{"rendered":"https:\/\/www.pyroguard.eu\/?p=39011"},"modified":"2023-10-13T11:39:42","modified_gmt":"2023-10-13T10:39:42","slug":"pyroguard-ernennt-neuen-geschaeftsfuehrer-als-leiter-einer-neuen-wachstumsphase","status":"publish","type":"post","link":"https:\/\/www.pyroguard.eu\/de\/nachrichten\/pyroguard-ernennt-neuen-geschaeftsfuehrer-als-leiter-einer-neuen-wachstumsphase\/","title":{"rendered":"Pyroguard ernennt neuen Gesch\u00e4ftsf\u00fchrer als leiter einer neuen wachstumsphase"},"content":{"rendered":"<section data-block_6523d3d58e2ad class=\"textbox-image align py-120 first:pt-0\" >\n  <div class=\"container\">\n    \n    <div class=\"relative grid grid-cols-1 gap-54 1024:grid-cols-2 1024:min-h-800 1024:mb-81\">\n      <div class=\"1024:pb-120\">\n        <div class=\"bg-white shadow p-54 relative z-10\">\n          <h4><strong>Pyroguard, Teil der Technical Fire Safety Group (TFSG), gibt die Ernennung von Herrn Mathieu Joli zum neuen Gesch\u00e4ftsf\u00fchrer bekannt, der ein ehrgeiziges neues Investitions- und Expansionsprogramm leiten soll.<\/strong><\/h4>\n\n          <div class=\"h-160 absolute block top-full left-54 -mt-24 z-20 flex\">\n            <span class=\"bg-orange block w-3 h-1\/3 mx-0\"><\/span>\n            <span class=\"bg-orange block w-3 h-2\/3 mx-24\"><\/span>\n            <span class=\"bg-orange block w-3 h-full mx-0\"><\/span>\n          <\/div>\n\n        <\/div>\n      <\/div>\n      <div class=\"relative z-0 top-0 right-0 left-auto bottom-0 w-full bottom-0 1024:absolute 1024:w-3\/4 aspect-h-1 aspect-w-1 1024:aspect-none 1024:transform 1024:translate-y-81\">\n        <img loading=\"lazy\" decoding=\"async\" width=\"2560\" height=\"2307\" src=\"https:\/\/www.pyroguard.eu\/app\/uploads\/2023\/10\/MJ-Picture-cropped-2-scaled.jpg\" class=\"block object-cover h-full w-full\" alt=\"Matheiu\" srcset=\"https:\/\/www.pyroguard.eu\/app\/uploads\/2023\/10\/MJ-Picture-cropped-2-scaled.jpg 2560w, https:\/\/www.pyroguard.eu\/app\/uploads\/2023\/10\/MJ-Picture-cropped-2-300x270.jpg 300w, https:\/\/www.pyroguard.eu\/app\/uploads\/2023\/10\/MJ-Picture-cropped-2-1024x923.jpg 1024w, https:\/\/www.pyroguard.eu\/app\/uploads\/2023\/10\/MJ-Picture-cropped-2-768x692.jpg 768w, https:\/\/www.pyroguard.eu\/app\/uploads\/2023\/10\/MJ-Picture-cropped-2-1536x1384.jpg 1536w, https:\/\/www.pyroguard.eu\/app\/uploads\/2023\/10\/MJ-Picture-cropped-2-2048x1845.jpg 2048w\" sizes=\"auto, (max-width: 2560px) 100vw, 2560px\" \/>\n      <\/div>\n    <\/div>\n  <\/div>\n<\/section>\n\n\n<section data-block_6523d3ff8e2ae class=\"news-content align py-120 first:pt-0\">\n  <div class=\"container\">\n    <div class=\"grid grid-cols-1 1024:grid-cols-3 gap-54\">\n      <div class=\"col-span-2\">\n        <p>Mathieu Joli wird Mitglied des TFSG-Vorstandsteams, das aus Neil Tilsley (CEO), Matt Buxton (CFO), Richard Ainsworth (CTO) und Sean Haynes (Managing Director Fire Glass UK) besteht. Die neue Position des Gesch\u00e4ftsf\u00fchrers Pyroguard wurde eigens geschaffen, um das Unternehmen durch eine neue Wachstumsphase zu f\u00fchren, in der sich der geplante Umsatz in den n\u00e4chsten f\u00fcnf Jahren verdoppeln wird.<\/p>\n<p>Pyroguard hat in den letzten Jahren ein beispielloses Wachstum erlebt, nachdem ein erfolgreiches Investitionsprogramm zum Ausbau der Produktionskapazit\u00e4ten f\u00fcr die <a href=\"https:\/\/www.pyroguard.eu\/de\/brandschutzglas-produkte\/\">speziell vorgespannten Brandschutzgl\u00e4ser<\/a> und eine Erweiterung der internationalen Handelspr\u00e4senz durchgef\u00fchrt wurde. Dies f\u00fchrte im Oktober 2022 zu einer erfolgreichen Fusion der TFSG mit der svt Unternehmensgruppe, wodurch ein europaweiter Marktf\u00fchrer im passiven Brandschutz entstand. In der kommenden Wachstumsphase wird Pyroguard stark in die Erweiterung der Fertigungskapazit\u00e4ten, die Beschleunigung der Test- und Zertifizierungsprogramme und in die Einf\u00fchrung einer brandneuen <a href=\"https:\/\/www.pyroguard.eu\/de\/brandschutzglas-produkte\/schneidbares-brandschutzglas\/\">Produktreihe von schneidbaren Brandschutzgl\u00e4sern<\/a>, Pyroguard Advance, investieren.<\/p>\n<p>Mit einem Master-Abschluss in Maschinenbau ist Mathieus Ausbildung und Berufserfahrung perfekt f\u00fcr die neue Aufgabe geeignet, da er die ersten 18 Jahre seiner Karriere in der Luft- und Raumfahrtindustrie in verschiedenen technischen, betrieblichen und leitenden Funktionen verbracht hat. In dieser Zeit absolvierte er auch das Six-Sigma-Qualit\u00e4tsmanagement-Entwicklungsprogramm bis zum Master Black Belt. Zuletzt war er als Gesch\u00e4ftsf\u00fchrer bei der internationalen Industrietechnikgruppe \u201eFives\u201c t\u00e4tig.<\/p>\n<p>Neil Tilsley, CEO von TFSG, kommentierte die Ernennung wie folgt: <em>&#8220;Ich freue mich sehr, Mathieu in unserem Team begr\u00fc\u00dfen zu d\u00fcrfen. Dies ist eine spannende Zeit f\u00fcr unsere Gruppe, und ich freue mich darauf, zu sehen, wie er das Pyroguard-Team bei der Umsetzung der ehrgeizigen Wachstumspl\u00e4ne unterst\u00fctzt. <\/em><\/p>\n<p><em>In den n\u00e4chsten Jahren werden wir unsere Investitionen ausbauen, um eine immer gr\u00f6\u00dfere Bandbreite an Brandschutzglasl\u00f6sungen f\u00fcr unsere weltweiten Kunden anbieten zu k\u00f6nnen, die alle durch einen erstklassigen Kundenservice unterst\u00fctzt werden. Mathieu wird uns ma\u00dfgeblich dabei helfen, dieses Ziel zu erreichen.\u201c<\/em><\/p>\n<p>Als weltweit f\u00fchrender unabh\u00e4ngiger Hersteller von Brandschutzglasl\u00f6sungen erzielt Pyroguard Ums\u00e4tze in \u00fcber 40 L\u00e4ndern und verf\u00fcgt \u00fcber internationale Produktions- und Kundendienstkapazit\u00e4ten. Pyroguard ist Teil der Technical Fire Safety Group, die zur svt Unternehmensgruppe geh\u00f6rt.<\/p>\n<p>Wenn Sie mehr \u00fcber Pyroguard erfahren m\u00f6chten, nehmen Sie bitte <a href=\"https:\/\/www.pyroguard.eu\/de\/kontaktieren-sie-uns\/\">Kontakt<\/a> mit uns auf.<\/p>\n        <div class=\"mt-81\">\n                    <a href=\"https:\/\/www.pyroguard.eu\/de\/\/the-newsroom\/\" class=\"button\" title=\"Gehen Sie zur\u00fcck in die Nachrichtenredaktion\">Geh zur\u00fcck<\/a>\n        <\/div>\n      <\/div>\n      <div class=\"col-span-1\">\n        <div class=\"block bg-lightgrey p-54 shadow sticky top-54\">\n          <h2 class=\"line\">Further reading<\/h2>\n                              <h3 class=\"mt-0\">Pyroguard schlie\u00dft sich neuer Dachmarke Saverto an : svt Group richtet ihre internationale Markenstrategie neu aus<\/h3>\n          <a href=\"https:\/\/www.pyroguard.eu\/de\/nachrichten\/pyroguard-schliesst-sich-neuer-dachmarke-saverto-an-svt-group-richtet-ihre-internationale-markenstrategie-neu-aus\/\" title=\"Pyroguard schlie\u00dft sich neuer Dachmarke Saverto an : svt Group richtet ihre internationale Markenstrategie neu aus\" class=\"button mb-54 last:mb-0\">ERFAHREN SIE MEHR<\/a>\n                    <h3 class=\"mt-0\">Pyroguard stellt die TechLibrary vor<\/h3>\n          <a href=\"https:\/\/www.pyroguard.eu\/de\/nachrichten\/pyroguard-stellt-die-techlibrary-vor\/\" title=\"Pyroguard stellt die TechLibrary vor\" class=\"button mb-54 last:mb-0\">ERFAHREN SIE MEHR<\/a>\n                    <h3 class=\"mt-0\">Gemeinsam den Brandschutz verbessern: zertifizierte L\u00f6sungen von Sch\u00fcco und Pyroguard<\/h3>\n          <a href=\"https:\/\/www.pyroguard.eu\/de\/nachrichten\/gemeinsam-den-brandschutz-verbessern-zertifizierte-loesungen-von-schueco-und-pyroguard\/\" title=\"Gemeinsam den Brandschutz verbessern: zertifizierte L\u00f6sungen von Sch\u00fcco und Pyroguard\" class=\"button mb-54 last:mb-0\">ERFAHREN SIE MEHR<\/a>\n                  <\/div>\n      <\/div>\n    <\/div>\n  <\/div>\n<\/section>\n\n","protected":false},"excerpt":{"rendered":"","protected":false},"author":3,"featured_media":39102,"comment_status":"open","ping_status":"open","sticky":false,"template":"","format":"standard","meta":{"_acf_changed":false,"footnotes":""},"categories":[42],"tags":[],"class_list":["post-39011","post","type-post","status-publish","format-standard","has-post-thumbnail","hentry","category-nachrichten"],"acf":[],"yoast_head":"<!-- This site is optimized with the Yoast SEO plugin v27.3 - https:\/\/yoast.com\/product\/yoast-seo-wordpress\/ -->\n<title>Pyroguard ernennt neuen Gesch\u00e4ftsf\u00fchrer als leiter einer neuen wachstumsphase - Pyroguard<\/title>\n<meta name=\"description\" content=\"Pyroguard, Teil der Technical Fire Safety Group (TFSG), gibt die Ernennung von Herrn Mathieu Joli zum neuen Gesch\u00e4ftsf\u00fchrer bekannt.\" \/>\n<meta name=\"robots\" content=\"index, follow, max-snippet:-1, max-image-preview:large, max-video-preview:-1\" \/>\n<link rel=\"canonical\" href=\"https:\/\/www.pyroguard.eu\/de\/nachrichten\/pyroguard-ernennt-neuen-geschaeftsfuehrer-als-leiter-einer-neuen-wachstumsphase\/\" \/>\n<meta property=\"og:locale\" content=\"de_DE\" \/>\n<meta property=\"og:type\" content=\"article\" \/>\n<meta property=\"og:title\" content=\"Pyroguard ernennt neuen Gesch\u00e4ftsf\u00fchrer als leiter einer neuen wachstumsphase - Pyroguard\" \/>\n<meta property=\"og:description\" content=\"Pyroguard, Teil der Technical Fire Safety Group (TFSG), gibt die Ernennung von Herrn Mathieu Joli zum neuen Gesch\u00e4ftsf\u00fchrer bekannt.\" \/>\n<meta property=\"og:url\" content=\"https:\/\/www.pyroguard.eu\/de\/nachrichten\/pyroguard-ernennt-neuen-geschaeftsfuehrer-als-leiter-einer-neuen-wachstumsphase\/\" \/>\n<meta property=\"og:site_name\" content=\"Pyroguard\" \/>\n<meta property=\"article:published_time\" content=\"2023-10-11T11:10:33+00:00\" \/>\n<meta property=\"article:modified_time\" content=\"2023-10-13T10:39:42+00:00\" \/>\n<meta property=\"og:image\" content=\"https:\/\/www.pyroguard.eu\/app\/uploads\/2023\/10\/Mathieu-Joli-Appointment-4.png\" \/>\n\t<meta property=\"og:image:width\" content=\"1600\" \/>\n\t<meta property=\"og:image:height\" content=\"900\" \/>\n\t<meta property=\"og:image:type\" content=\"image\/png\" \/>\n<meta name=\"author\" content=\"Charline Adams\" \/>\n<meta name=\"twitter:card\" content=\"summary_large_image\" \/>\n<meta name=\"twitter:label1\" content=\"Written by\" \/>\n\t<meta name=\"twitter:data1\" content=\"Charline Adams\" \/>\n<script type=\"application\/ld+json\" class=\"yoast-schema-graph\">{\"@context\":\"https:\\\/\\\/schema.org\",\"@graph\":[{\"@type\":\"Article\",\"@id\":\"https:\\\/\\\/www.pyroguard.eu\\\/de\\\/nachrichten\\\/pyroguard-ernennt-neuen-geschaeftsfuehrer-als-leiter-einer-neuen-wachstumsphase\\\/#article\",\"isPartOf\":{\"@id\":\"https:\\\/\\\/www.pyroguard.eu\\\/de\\\/nachrichten\\\/pyroguard-ernennt-neuen-geschaeftsfuehrer-als-leiter-einer-neuen-wachstumsphase\\\/\"},\"author\":{\"name\":\"Charline Adams\",\"@id\":\"https:\\\/\\\/www.pyroguard.eu\\\/de\\\/#\\\/schema\\\/person\\\/2a62f966d193800d647427a0a2e39134\"},\"headline\":\"Pyroguard ernennt neuen Gesch\u00e4ftsf\u00fchrer als leiter einer neuen wachstumsphase\",\"datePublished\":\"2023-10-11T11:10:33+00:00\",\"dateModified\":\"2023-10-13T10:39:42+00:00\",\"mainEntityOfPage\":{\"@id\":\"https:\\\/\\\/www.pyroguard.eu\\\/de\\\/nachrichten\\\/pyroguard-ernennt-neuen-geschaeftsfuehrer-als-leiter-einer-neuen-wachstumsphase\\\/\"},\"wordCount\":11,\"commentCount\":0,\"publisher\":{\"@id\":\"https:\\\/\\\/www.pyroguard.eu\\\/de\\\/#organization\"},\"image\":{\"@id\":\"https:\\\/\\\/www.pyroguard.eu\\\/de\\\/nachrichten\\\/pyroguard-ernennt-neuen-geschaeftsfuehrer-als-leiter-einer-neuen-wachstumsphase\\\/#primaryimage\"},\"thumbnailUrl\":\"https:\\\/\\\/www.pyroguard.eu\\\/app\\\/uploads\\\/2023\\\/10\\\/Mathieu-Joli-Appointment-4.png\",\"articleSection\":[\"Nachrichten\"],\"inLanguage\":\"de-DE\",\"potentialAction\":[{\"@type\":\"CommentAction\",\"name\":\"Comment\",\"target\":[\"https:\\\/\\\/www.pyroguard.eu\\\/de\\\/nachrichten\\\/pyroguard-ernennt-neuen-geschaeftsfuehrer-als-leiter-einer-neuen-wachstumsphase\\\/#respond\"]}]},{\"@type\":\"WebPage\",\"@id\":\"https:\\\/\\\/www.pyroguard.eu\\\/de\\\/nachrichten\\\/pyroguard-ernennt-neuen-geschaeftsfuehrer-als-leiter-einer-neuen-wachstumsphase\\\/\",\"url\":\"https:\\\/\\\/www.pyroguard.eu\\\/de\\\/nachrichten\\\/pyroguard-ernennt-neuen-geschaeftsfuehrer-als-leiter-einer-neuen-wachstumsphase\\\/\",\"name\":\"Pyroguard ernennt neuen Gesch\u00e4ftsf\u00fchrer als leiter einer neuen wachstumsphase - Pyroguard\",\"isPartOf\":{\"@id\":\"https:\\\/\\\/www.pyroguard.eu\\\/de\\\/#website\"},\"primaryImageOfPage\":{\"@id\":\"https:\\\/\\\/www.pyroguard.eu\\\/de\\\/nachrichten\\\/pyroguard-ernennt-neuen-geschaeftsfuehrer-als-leiter-einer-neuen-wachstumsphase\\\/#primaryimage\"},\"image\":{\"@id\":\"https:\\\/\\\/www.pyroguard.eu\\\/de\\\/nachrichten\\\/pyroguard-ernennt-neuen-geschaeftsfuehrer-als-leiter-einer-neuen-wachstumsphase\\\/#primaryimage\"},\"thumbnailUrl\":\"https:\\\/\\\/www.pyroguard.eu\\\/app\\\/uploads\\\/2023\\\/10\\\/Mathieu-Joli-Appointment-4.png\",\"datePublished\":\"2023-10-11T11:10:33+00:00\",\"dateModified\":\"2023-10-13T10:39:42+00:00\",\"description\":\"Pyroguard, Teil der Technical Fire Safety Group (TFSG), gibt die Ernennung von Herrn Mathieu Joli zum neuen Gesch\u00e4ftsf\u00fchrer bekannt.\",\"breadcrumb\":{\"@id\":\"https:\\\/\\\/www.pyroguard.eu\\\/de\\\/nachrichten\\\/pyroguard-ernennt-neuen-geschaeftsfuehrer-als-leiter-einer-neuen-wachstumsphase\\\/#breadcrumb\"},\"inLanguage\":\"de-DE\",\"potentialAction\":[{\"@type\":\"ReadAction\",\"target\":[\"https:\\\/\\\/www.pyroguard.eu\\\/de\\\/nachrichten\\\/pyroguard-ernennt-neuen-geschaeftsfuehrer-als-leiter-einer-neuen-wachstumsphase\\\/\"]}]},{\"@type\":\"ImageObject\",\"inLanguage\":\"de-DE\",\"@id\":\"https:\\\/\\\/www.pyroguard.eu\\\/de\\\/nachrichten\\\/pyroguard-ernennt-neuen-geschaeftsfuehrer-als-leiter-einer-neuen-wachstumsphase\\\/#primaryimage\",\"url\":\"https:\\\/\\\/www.pyroguard.eu\\\/app\\\/uploads\\\/2023\\\/10\\\/Mathieu-Joli-Appointment-4.png\",\"contentUrl\":\"https:\\\/\\\/www.pyroguard.eu\\\/app\\\/uploads\\\/2023\\\/10\\\/Mathieu-Joli-Appointment-4.png\",\"width\":1600,\"height\":900},{\"@type\":\"BreadcrumbList\",\"@id\":\"https:\\\/\\\/www.pyroguard.eu\\\/de\\\/nachrichten\\\/pyroguard-ernennt-neuen-geschaeftsfuehrer-als-leiter-einer-neuen-wachstumsphase\\\/#breadcrumb\",\"itemListElement\":[{\"@type\":\"ListItem\",\"position\":1,\"name\":\"Home\",\"item\":\"https:\\\/\\\/www.pyroguard.eu\\\/de\\\/\"},{\"@type\":\"ListItem\",\"position\":2,\"name\":\"Pyroguard ernennt neuen Gesch\u00e4ftsf\u00fchrer als leiter einer neuen wachstumsphase\"}]},{\"@type\":\"WebSite\",\"@id\":\"https:\\\/\\\/www.pyroguard.eu\\\/de\\\/#website\",\"url\":\"https:\\\/\\\/www.pyroguard.eu\\\/de\\\/\",\"name\":\"Pyroguard\",\"description\":\"You&#039;re in safe hands\",\"publisher\":{\"@id\":\"https:\\\/\\\/www.pyroguard.eu\\\/de\\\/#organization\"},\"potentialAction\":[{\"@type\":\"SearchAction\",\"target\":{\"@type\":\"EntryPoint\",\"urlTemplate\":\"https:\\\/\\\/www.pyroguard.eu\\\/de\\\/?s={search_term_string}\"},\"query-input\":{\"@type\":\"PropertyValueSpecification\",\"valueRequired\":true,\"valueName\":\"search_term_string\"}}],\"inLanguage\":\"de-DE\"},{\"@type\":\"Organization\",\"@id\":\"https:\\\/\\\/www.pyroguard.eu\\\/de\\\/#organization\",\"name\":\"Pyroguard\",\"url\":\"https:\\\/\\\/www.pyroguard.eu\\\/de\\\/\",\"logo\":{\"@type\":\"ImageObject\",\"inLanguage\":\"de-DE\",\"@id\":\"https:\\\/\\\/www.pyroguard.eu\\\/de\\\/#\\\/schema\\\/logo\\\/image\\\/\",\"url\":\"https:\\\/\\\/www.pyroguard.eu\\\/app\\\/uploads\\\/2026\\\/02\\\/Screenshot-2026-02-04-113420.png\",\"contentUrl\":\"https:\\\/\\\/www.pyroguard.eu\\\/app\\\/uploads\\\/2026\\\/02\\\/Screenshot-2026-02-04-113420.png\",\"width\":1876,\"height\":482,\"caption\":\"Pyroguard\"},\"image\":{\"@id\":\"https:\\\/\\\/www.pyroguard.eu\\\/de\\\/#\\\/schema\\\/logo\\\/image\\\/\"}},{\"@type\":\"Person\",\"@id\":\"https:\\\/\\\/www.pyroguard.eu\\\/de\\\/#\\\/schema\\\/person\\\/2a62f966d193800d647427a0a2e39134\",\"name\":\"Charline Adams\",\"image\":{\"@type\":\"ImageObject\",\"inLanguage\":\"de-DE\",\"@id\":\"https:\\\/\\\/secure.gravatar.com\\\/avatar\\\/cb1065b5f68e23b7fe7f9c208a9f14e2a36ccf7f3604fa784b88559b31e8df3d?s=96&d=mm&r=g\",\"url\":\"https:\\\/\\\/secure.gravatar.com\\\/avatar\\\/cb1065b5f68e23b7fe7f9c208a9f14e2a36ccf7f3604fa784b88559b31e8df3d?s=96&d=mm&r=g\",\"contentUrl\":\"https:\\\/\\\/secure.gravatar.com\\\/avatar\\\/cb1065b5f68e23b7fe7f9c208a9f14e2a36ccf7f3604fa784b88559b31e8df3d?s=96&d=mm&r=g\",\"caption\":\"Charline Adams\"},\"url\":\"https:\\\/\\\/www.pyroguard.eu\\\/de\\\/author\\\/charline-adams\\\/\"}]}<\/script>\n<!-- \/ Yoast SEO plugin. -->","yoast_head_json":{"title":"Pyroguard ernennt neuen Gesch\u00e4ftsf\u00fchrer als leiter einer neuen wachstumsphase - Pyroguard","description":"Pyroguard, Teil der Technical Fire Safety Group (TFSG), gibt die Ernennung von Herrn Mathieu Joli zum neuen Gesch\u00e4ftsf\u00fchrer bekannt.","robots":{"index":"index","follow":"follow","max-snippet":"max-snippet:-1","max-image-preview":"max-image-preview:large","max-video-preview":"max-video-preview:-1"},"canonical":"https:\/\/www.pyroguard.eu\/de\/nachrichten\/pyroguard-ernennt-neuen-geschaeftsfuehrer-als-leiter-einer-neuen-wachstumsphase\/","og_locale":"de_DE","og_type":"article","og_title":"Pyroguard ernennt neuen Gesch\u00e4ftsf\u00fchrer als leiter einer neuen wachstumsphase - Pyroguard","og_description":"Pyroguard, Teil der Technical Fire Safety Group (TFSG), gibt die Ernennung von Herrn Mathieu Joli zum neuen Gesch\u00e4ftsf\u00fchrer bekannt.","og_url":"https:\/\/www.pyroguard.eu\/de\/nachrichten\/pyroguard-ernennt-neuen-geschaeftsfuehrer-als-leiter-einer-neuen-wachstumsphase\/","og_site_name":"Pyroguard","article_published_time":"2023-10-11T11:10:33+00:00","article_modified_time":"2023-10-13T10:39:42+00:00","og_image":[{"width":1600,"height":900,"url":"https:\/\/www.pyroguard.eu\/app\/uploads\/2023\/10\/Mathieu-Joli-Appointment-4.png","type":"image\/png"}],"author":"Charline Adams","twitter_card":"summary_large_image","twitter_misc":{"Written by":"Charline Adams"},"schema":{"@context":"https:\/\/schema.org","@graph":[{"@type":"Article","@id":"https:\/\/www.pyroguard.eu\/de\/nachrichten\/pyroguard-ernennt-neuen-geschaeftsfuehrer-als-leiter-einer-neuen-wachstumsphase\/#article","isPartOf":{"@id":"https:\/\/www.pyroguard.eu\/de\/nachrichten\/pyroguard-ernennt-neuen-geschaeftsfuehrer-als-leiter-einer-neuen-wachstumsphase\/"},"author":{"name":"Charline Adams","@id":"https:\/\/www.pyroguard.eu\/de\/#\/schema\/person\/2a62f966d193800d647427a0a2e39134"},"headline":"Pyroguard ernennt neuen Gesch\u00e4ftsf\u00fchrer als leiter einer neuen wachstumsphase","datePublished":"2023-10-11T11:10:33+00:00","dateModified":"2023-10-13T10:39:42+00:00","mainEntityOfPage":{"@id":"https:\/\/www.pyroguard.eu\/de\/nachrichten\/pyroguard-ernennt-neuen-geschaeftsfuehrer-als-leiter-einer-neuen-wachstumsphase\/"},"wordCount":11,"commentCount":0,"publisher":{"@id":"https:\/\/www.pyroguard.eu\/de\/#organization"},"image":{"@id":"https:\/\/www.pyroguard.eu\/de\/nachrichten\/pyroguard-ernennt-neuen-geschaeftsfuehrer-als-leiter-einer-neuen-wachstumsphase\/#primaryimage"},"thumbnailUrl":"https:\/\/www.pyroguard.eu\/app\/uploads\/2023\/10\/Mathieu-Joli-Appointment-4.png","articleSection":["Nachrichten"],"inLanguage":"de-DE","potentialAction":[{"@type":"CommentAction","name":"Comment","target":["https:\/\/www.pyroguard.eu\/de\/nachrichten\/pyroguard-ernennt-neuen-geschaeftsfuehrer-als-leiter-einer-neuen-wachstumsphase\/#respond"]}]},{"@type":"WebPage","@id":"https:\/\/www.pyroguard.eu\/de\/nachrichten\/pyroguard-ernennt-neuen-geschaeftsfuehrer-als-leiter-einer-neuen-wachstumsphase\/","url":"https:\/\/www.pyroguard.eu\/de\/nachrichten\/pyroguard-ernennt-neuen-geschaeftsfuehrer-als-leiter-einer-neuen-wachstumsphase\/","name":"Pyroguard ernennt neuen Gesch\u00e4ftsf\u00fchrer als leiter einer neuen wachstumsphase - Pyroguard","isPartOf":{"@id":"https:\/\/www.pyroguard.eu\/de\/#website"},"primaryImageOfPage":{"@id":"https:\/\/www.pyroguard.eu\/de\/nachrichten\/pyroguard-ernennt-neuen-geschaeftsfuehrer-als-leiter-einer-neuen-wachstumsphase\/#primaryimage"},"image":{"@id":"https:\/\/www.pyroguard.eu\/de\/nachrichten\/pyroguard-ernennt-neuen-geschaeftsfuehrer-als-leiter-einer-neuen-wachstumsphase\/#primaryimage"},"thumbnailUrl":"https:\/\/www.pyroguard.eu\/app\/uploads\/2023\/10\/Mathieu-Joli-Appointment-4.png","datePublished":"2023-10-11T11:10:33+00:00","dateModified":"2023-10-13T10:39:42+00:00","description":"Pyroguard, Teil der Technical Fire Safety Group (TFSG), gibt die Ernennung von Herrn Mathieu Joli zum neuen Gesch\u00e4ftsf\u00fchrer bekannt.","breadcrumb":{"@id":"https:\/\/www.pyroguard.eu\/de\/nachrichten\/pyroguard-ernennt-neuen-geschaeftsfuehrer-als-leiter-einer-neuen-wachstumsphase\/#breadcrumb"},"inLanguage":"de-DE","potentialAction":[{"@type":"ReadAction","target":["https:\/\/www.pyroguard.eu\/de\/nachrichten\/pyroguard-ernennt-neuen-geschaeftsfuehrer-als-leiter-einer-neuen-wachstumsphase\/"]}]},{"@type":"ImageObject","inLanguage":"de-DE","@id":"https:\/\/www.pyroguard.eu\/de\/nachrichten\/pyroguard-ernennt-neuen-geschaeftsfuehrer-als-leiter-einer-neuen-wachstumsphase\/#primaryimage","url":"https:\/\/www.pyroguard.eu\/app\/uploads\/2023\/10\/Mathieu-Joli-Appointment-4.png","contentUrl":"https:\/\/www.pyroguard.eu\/app\/uploads\/2023\/10\/Mathieu-Joli-Appointment-4.png","width":1600,"height":900},{"@type":"BreadcrumbList","@id":"https:\/\/www.pyroguard.eu\/de\/nachrichten\/pyroguard-ernennt-neuen-geschaeftsfuehrer-als-leiter-einer-neuen-wachstumsphase\/#breadcrumb","itemListElement":[{"@type":"ListItem","position":1,"name":"Home","item":"https:\/\/www.pyroguard.eu\/de\/"},{"@type":"ListItem","position":2,"name":"Pyroguard ernennt neuen Gesch\u00e4ftsf\u00fchrer als leiter einer neuen wachstumsphase"}]},{"@type":"WebSite","@id":"https:\/\/www.pyroguard.eu\/de\/#website","url":"https:\/\/www.pyroguard.eu\/de\/","name":"Pyroguard","description":"You&#039;re in safe hands","publisher":{"@id":"https:\/\/www.pyroguard.eu\/de\/#organization"},"potentialAction":[{"@type":"SearchAction","target":{"@type":"EntryPoint","urlTemplate":"https:\/\/www.pyroguard.eu\/de\/?s={search_term_string}"},"query-input":{"@type":"PropertyValueSpecification","valueRequired":true,"valueName":"search_term_string"}}],"inLanguage":"de-DE"},{"@type":"Organization","@id":"https:\/\/www.pyroguard.eu\/de\/#organization","name":"Pyroguard","url":"https:\/\/www.pyroguard.eu\/de\/","logo":{"@type":"ImageObject","inLanguage":"de-DE","@id":"https:\/\/www.pyroguard.eu\/de\/#\/schema\/logo\/image\/","url":"https:\/\/www.pyroguard.eu\/app\/uploads\/2026\/02\/Screenshot-2026-02-04-113420.png","contentUrl":"https:\/\/www.pyroguard.eu\/app\/uploads\/2026\/02\/Screenshot-2026-02-04-113420.png","width":1876,"height":482,"caption":"Pyroguard"},"image":{"@id":"https:\/\/www.pyroguard.eu\/de\/#\/schema\/logo\/image\/"}},{"@type":"Person","@id":"https:\/\/www.pyroguard.eu\/de\/#\/schema\/person\/2a62f966d193800d647427a0a2e39134","name":"Charline Adams","image":{"@type":"ImageObject","inLanguage":"de-DE","@id":"https:\/\/secure.gravatar.com\/avatar\/cb1065b5f68e23b7fe7f9c208a9f14e2a36ccf7f3604fa784b88559b31e8df3d?s=96&d=mm&r=g","url":"https:\/\/secure.gravatar.com\/avatar\/cb1065b5f68e23b7fe7f9c208a9f14e2a36ccf7f3604fa784b88559b31e8df3d?s=96&d=mm&r=g","contentUrl":"https:\/\/secure.gravatar.com\/avatar\/cb1065b5f68e23b7fe7f9c208a9f14e2a36ccf7f3604fa784b88559b31e8df3d?s=96&d=mm&r=g","caption":"Charline Adams"},"url":"https:\/\/www.pyroguard.eu\/de\/author\/charline-adams\/"}]}},"_links":{"self":[{"href":"https:\/\/www.pyroguard.eu\/de\/wp-json\/wp\/v2\/posts\/39011","targetHints":{"allow":["GET"]}}],"collection":[{"href":"https:\/\/www.pyroguard.eu\/de\/wp-json\/wp\/v2\/posts"}],"about":[{"href":"https:\/\/www.pyroguard.eu\/de\/wp-json\/wp\/v2\/types\/post"}],"author":[{"embeddable":true,"href":"https:\/\/www.pyroguard.eu\/de\/wp-json\/wp\/v2\/users\/3"}],"replies":[{"embeddable":true,"href":"https:\/\/www.pyroguard.eu\/de\/wp-json\/wp\/v2\/comments?post=39011"}],"version-history":[{"count":9,"href":"https:\/\/www.pyroguard.eu\/de\/wp-json\/wp\/v2\/posts\/39011\/revisions"}],"predecessor-version":[{"id":39141,"href":"https:\/\/www.pyroguard.eu\/de\/wp-json\/wp\/v2\/posts\/39011\/revisions\/39141"}],"wp:featuredmedia":[{"embeddable":true,"href":"https:\/\/www.pyroguard.eu\/de\/wp-json\/wp\/v2\/media\/39102"}],"wp:attachment":[{"href":"https:\/\/www.pyroguard.eu\/de\/wp-json\/wp\/v2\/media?parent=39011"}],"wp:term":[{"taxonomy":"category","embeddable":true,"href":"https:\/\/www.pyroguard.eu\/de\/wp-json\/wp\/v2\/categories?post=39011"},{"taxonomy":"post_tag","embeddable":true,"href":"https:\/\/www.pyroguard.eu\/de\/wp-json\/wp\/v2\/tags?post=39011"}],"curies":[{"name":"wp","href":"https:\/\/api.w.org\/{rel}","templated":true}]}}